{"id":967,"date":"2017-07-25T03:20:00","date_gmt":"2017-07-25T06:20:00","guid":{"rendered":"http:\/\/www.clickaracoiaba.com.br\/?p=967"},"modified":"2017-07-25T03:27:17","modified_gmt":"2017-07-25T06:27:17","slug":"paco-de-sorocaba-com-simdrome-de-aracoiaba","status":"publish","type":"post","link":"https:\/\/www.clickaracoiaba.com.br\/?p=967","title":{"rendered":"Pa\u00e7o de Sorocaba com S\u00edndrome de Ara\u00e7oiaba?"},"content":{"rendered":"<p><img loading=\"lazy\" decoding=\"async\" class=\"aligncenter wp-image-969 size-main-full\" src=\"http:\/\/www.clickaracoiaba.com.br\/wp-content\/uploads\/2017\/07\/ze-crespo-780x516.jpg\" alt=\"\" width=\"702\" height=\"464\" \/><\/p>\n<p>Depois de &#8220;meter o bra\u00e7o&#8221; em seu secret\u00e1rio de governo Z\u00e9 Crespo (Prefeito de Sorocaba) mete o p\u00e9 em sua vice &#8220;Jaque&#8221;, fica de mal, e manda desocupar sua sala no Pa\u00e7o &#8211; <em>aqui em Ara\u00e7oiaba isso n\u00e3o \u00e9 novidade ap\u00f3s 16 anos Jo\u00e3o Mimi \u00e9 o primeiro vice que est\u00e1 &#8220;vi\u00e7ando&#8221; &#8211;<\/em>\u00a0mas em Sorocity o buraco \u00e9 mais embaixo, a vice\u00a0Jaqueline Coutinho (PTB) ingressou na sexta-feira junto ao Tribunal de Justi\u00e7a do Estado com recurso contra a decis\u00e3o do juiz da Vara da Fazenda P\u00fablica de Sorocaba que negou a liminar (medida de urg\u00eancia) que buscava para voltar a ter acesso ao seu gabinete no sexto andar do Pa\u00e7o. Ela busca revogar o despacho de primeira inst\u00e2ncia e, com isso, voltar a cumprir expediente na Prefeitura.<\/p>\n<p><img loading=\"lazy\" decoding=\"async\" class=\"aligncenter wp-image-968 size-full\" src=\"http:\/\/www.clickaracoiaba.com.br\/wp-content\/uploads\/2017\/07\/jaqueline-coltinho.jpg\" alt=\"\" width=\"780\" height=\"439\" srcset=\"https:\/\/www.clickaracoiaba.com.br\/wp-content\/uploads\/2017\/07\/jaqueline-coltinho.jpg 780w, https:\/\/www.clickaracoiaba.com.br\/wp-content\/uploads\/2017\/07\/jaqueline-coltinho-300x169.jpg 300w, https:\/\/www.clickaracoiaba.com.br\/wp-content\/uploads\/2017\/07\/jaqueline-coltinho-690x388.jpg 690w, https:\/\/www.clickaracoiaba.com.br\/wp-content\/uploads\/2017\/07\/jaqueline-coltinho-768x432.jpg 768w\" sizes=\"auto, (max-width: 780px) 100vw, 780px\" \/><\/p>\n<p>Depois de tantos &#8220;mios&#8221; Z\u00e9 Crespo fica ainda menos pop entre os coleguinhas do legislativo e <strong>PAH<\/strong> tome CPI.<\/p>\n<p>Segundo o Jornal Cruzeiro do Sul o pedido de afastamento cautelar do prefeito feito pela Comiss\u00e3o Parlamentar de Inqu\u00e9rito (CPI) que investiga poss\u00edvel crime contra a administra\u00e7\u00e3o p\u00fablica pelo chefe do Executivo ser\u00e1 analisado pelo promotor de Justi\u00e7a Orlando Bastos Filho. A peti\u00e7\u00e3o protocolada na sexta-feira (21) no Minist\u00e9rio P\u00fablico do Estado de S\u00e3o Paulo (MP-SP) foi distribu\u00edda na tarde desta segunda-feira (24) para o 15\u00ba promotor da cidade. A CPI aponta que Crespo estaria interferindo nas investiga\u00e7\u00f5es com retalia\u00e7\u00f5es aos envolvidos no imbr\u00f3glio pol\u00edtico. Por meio de nota, a Secretaria de Comunica\u00e7\u00e3o e Eventos (Secom) da Prefeitura alegou que o pedido &#8220;n\u00e3o tem cabimento&#8221; e &#8220;trilha caminho diverso daquele previsto na Constitui\u00e7\u00e3o da Rep\u00fablica.&#8221;<\/p>\n<p>Assinado pelos vereadores Fernanda Garcia (Psol), Hudson Pessini (PMDB) e Renan Santos (PC do B), o pedido de afastamento cautelar se d\u00e1 em relat\u00f3rio parcial da CPI, que foi instaurada h\u00e1 cerca de um m\u00eas e ainda n\u00e3o concluiu os trabalhos. Nele, os integrantes da investiga\u00e7\u00e3o apontam a determina\u00e7\u00e3o de Crespo para que a vice-prefeita, Jaqueline Coutinho (PTB) desocupasse o Pa\u00e7o, na semana passada, a exonera\u00e7\u00e3o de servidores ligados a ela, al\u00e9m de investidas contra a imprensa como &#8220;medidas extremas&#8221; e que estariam atrapalhando os trabalhos do Legislativo. A CPI aponta que o afastamento evitaria interfer\u00eancias mais graves.<\/p>\n<p>Segundo a presidente da comiss\u00e3o, Fernanda Garcia, a expectativa \u00e9 que com o pedido feito ao MP, o \u00f3rg\u00e3o provoque a comiss\u00e3o processante que tamb\u00e9m investiga Crespo a propor a vota\u00e7\u00e3o do afastamento do chefe do Executivo. &#8220;Encaminhamos o ac\u00famulo do que j\u00e1 temos e entendemos que, embasado, o Minist\u00e9rio P\u00fablico pode oferecer juridicamente a quest\u00e3o do afastamento&#8221;, comenta.<\/p>\n<p>Ela revela que a CPI n\u00e3o tem mantido conversas com a cmiss\u00e3o processante sobre o assunto, uma vez que a apura\u00e7\u00e3o que pode resultar na cassa\u00e7\u00e3o de Crespo est\u00e1 na fase inicial dos trabalhos e ainda vai ouvir os envolvidos no caso. At\u00e9 o momento, a CPI j\u00e1 colheu os depoimentos da ex-assessora Tatiane Polis, da vice-prefeita Jaqueline Coutinho e do corregedor-geral do Munic\u00edpio, Gustavo Barata. Um dos pr\u00f3ximos passos, que ser\u00e1 discutido em reuni\u00e3o nesta semana, \u00e9 definir a forma de ouvir tamb\u00e9m o prefeito, que n\u00e3o necessariamente ser\u00e1 atrav\u00e9s de oitiva, como no caso das demais testemunhas.<\/p>\n<p>Recentemente, Orlando Bastos Filho chegou a instaurar um inqu\u00e9rito recomendando que a C\u00e2mara votasse o afastamento de Crespo num prazo de cinco dias. O Legislativo chegou a ser notificado sobre o of\u00edcio, mas logo em seguida o promotor disse que a instaura\u00e7\u00e3o ocorrera por engano e a recomenda\u00e7\u00e3o n\u00e3o tinha validade. Na ocasi\u00e3o, Bastos Filho disse que a iniciativa se tratava de uma &#8220;ideia que estava em an\u00e1lise, mas saiu por equ\u00edvoco.&#8221; Ele ainda negou que pretendesse estudar a possibilidade de voltar a propor a vota\u00e7\u00e3o do afastamento do prefeito.<\/p>\n<p><em>Edi\u00e7\u00e3o: Aur\u00e9lio Fid\u00eancio<\/em><br \/>\n<em>Clickara\u00e7oiaba, O primeiro Portal de Ara\u00e7oiaba da Serra \u2013 SP<br \/>\nDesde 1999<br \/>\nFale coma \u00a0gente: (15) 99732-1144<\/em><\/p>\n","protected":false},"excerpt":{"rendered":"<p>Depois de &#8220;meter o bra\u00e7o&#8221; em seu secret\u00e1rio de governo Z\u00e9 Crespo (Prefeito de Sorocaba) mete o p\u00e9 em sua vice &#8220;Jaque&#8221;, fica de mal, e manda desocupar sua sala no Pa\u00e7o &#8211; aqui em Ara\u00e7oiaba isso n\u00e3o \u00e9 novidade ap\u00f3s 16 anos Jo\u00e3o Mimi \u00e9 o primeiro vice que est\u00e1 &#8220;vi\u00e7ando&#8221; &#8211;\u00a0mas em Sorocity&#8230;<\/p>\n","protected":false},"author":1,"featured_media":969,"comment_status":"open","ping_status":"open","sticky":false,"template":"","format":"standard","meta":{"magazine_newspaper_sidebar_layout":"","footnotes":""},"categories":[140],"tags":[],"class_list":["post-967","post","type-post","status-publish","format-standard","has-post-thumbnail","hentry","category-sorocaba"],"_links":{"self":[{"href":"https:\/\/www.clickaracoiaba.com.br\/index.php?rest_route=\/wp\/v2\/posts\/967","targetHints":{"allow":["GET"]}}],"collection":[{"href":"https:\/\/www.clickaracoiaba.com.br\/index.php?rest_route=\/wp\/v2\/posts"}],"about":[{"href":"https:\/\/www.clickaracoiaba.com.br\/index.php?rest_route=\/wp\/v2\/types\/post"}],"author":[{"embeddable":true,"href":"https:\/\/www.clickaracoiaba.com.br\/index.php?rest_route=\/wp\/v2\/users\/1"}],"replies":[{"embeddable":true,"href":"https:\/\/www.clickaracoiaba.com.br\/index.php?rest_route=%2Fwp%2Fv2%2Fcomments&post=967"}],"version-history":[{"count":0,"href":"https:\/\/www.clickaracoiaba.com.br\/index.php?rest_route=\/wp\/v2\/posts\/967\/revisions"}],"wp:featuredmedia":[{"embeddable":true,"href":"https:\/\/www.clickaracoiaba.com.br\/index.php?rest_route=\/wp\/v2\/media\/969"}],"wp:attachment":[{"href":"https:\/\/www.clickaracoiaba.com.br\/index.php?rest_route=%2Fwp%2Fv2%2Fmedia&parent=967"}],"wp:term":[{"taxonomy":"category","embeddable":true,"href":"https:\/\/www.clickaracoiaba.com.br\/index.php?rest_route=%2Fwp%2Fv2%2Fcategories&post=967"},{"taxonomy":"post_tag","embeddable":true,"href":"https:\/\/www.clickaracoiaba.com.br\/index.php?rest_route=%2Fwp%2Fv2%2Ftags&post=967"}],"curies":[{"name":"wp","href":"https:\/\/api.w.org\/{rel}","templated":true}]}}