{"id":9470,"date":"2023-11-28T02:19:14","date_gmt":"2023-11-28T05:19:14","guid":{"rendered":"https:\/\/www.clickaracoiaba.com.br\/?p=9470"},"modified":"2023-11-28T02:19:14","modified_gmt":"2023-11-28T05:19:14","slug":"indicado-para-o-stf-dino-sera-sabatinado-na-ccj-em-13-de-dezembro","status":"publish","type":"post","link":"https:\/\/www.clickaracoiaba.com.br\/?p=9470","title":{"rendered":"Indicado para o STF, Dino ser\u00e1 sabatinado na CCJ em 13 de dezembro"},"content":{"rendered":"<a href=\"https:\/\/www.clickaracoiaba.com.br\/guia\/empresa\/718\" target=\"_blank\" rel=\"noopener\"><img loading=\"lazy\" decoding=\"async\" class=\"aligncenter size-full wp-image-9046\" src=\"https:\/\/www.clickaracoiaba.com.br\/wp-content\/uploads\/2023\/01\/emme_banner_noticias_690x400.png\" alt=\"\" width=\"690\" height=\"278\" \/><\/a>\r\n<div class=\"row\">\r\n<h3 class=\"col-10 offset-1 animated fadeInDown dealy-900 display-8 display-md-8 alt-font font-italic my-1 text-center\">Informa\u00e7\u00e3o foi confirmada pelo presidente da comiss\u00e3o, Davi Alcolumbre<\/h3>\r\n<\/div>\r\n \r\n\r\nO senador e presidente da Comiss\u00e3o de Constitui\u00e7\u00e3o e Justi\u00e7a (CCJ) do Senado, Davi Alcolumbre (Uni\u00e3o-AP), marcou para o dia 13 de dezembro a sabatina de Fl\u00e1vio Dino, indicado pelo presidente Luiz In\u00e1cio Lula da Silva para o Supremo Tribunal Federal (STF).\r\n\r\nEm nota, divulgada nas redes sociais do senador, o relator na CCJ ser\u00e1 o senador Weverton Rocha (PDT-MA).\r\n\r\nAtual ministro da Justi\u00e7a e Seguran\u00e7a P\u00fablica, Dino passar\u00e1 pela sabatina e precisa ser aprovado pela comiss\u00e3o e pelo Plen\u00e1rio do Senado para ocupar a vaga na Suprema Corte, aberta com a aposentadoria compuls\u00f3ria de Rosa Weber, que completou 75 anos no in\u00edcio do m\u00eas.\r\n\r\nMais cedo, ap\u00f3s o presidente Lula encaminhar ao Senado as indica\u00e7\u00f5es de Dino ao Supremo e do subprocurador-geral da Rep\u00fablica, Paulo Gonet, para o cargo de procurador-geral da Rep\u00fablica, o presidente do Senado, Rodrigo Pacheco (PSD-MG), disse que as sabatinas e vota\u00e7\u00f5es das indica\u00e7\u00f5es devem ocorrer entre 12 e 15 de dezembro.\r\n<div>\r\n<h5><a href=\"https:\/\/www.clickaracoiaba.com.br\/guia\/empresa\/716\"><img loading=\"lazy\" decoding=\"async\" class=\"aligncenter size-full wp-image-8966\" src=\"https:\/\/www.clickaracoiaba.com.br\/wp-content\/uploads\/2022\/11\/supermercado-bom-lugar-aracoiaba-placa-690.jpg\" alt=\"\" width=\"690\" height=\"228\" srcset=\"https:\/\/www.clickaracoiaba.com.br\/wp-content\/uploads\/2022\/11\/supermercado-bom-lugar-aracoiaba-placa-690.jpg 690w, https:\/\/www.clickaracoiaba.com.br\/wp-content\/uploads\/2022\/11\/supermercado-bom-lugar-aracoiaba-placa-690-300x99.jpg 300w\" sizes=\"auto, (max-width: 690px) 100vw, 690px\" \/>\u00a0<\/a><\/h5>\r\n<\/div>\r\n\r\n\r\nPelas redes sociais, Dino disse estar \u201cimensamente\u201d honrado com a indica\u00e7\u00e3o. \u201cAgrade\u00e7o mais essa prova de reconhecimento profissional e confian\u00e7a na minha dedica\u00e7\u00e3o \u00e0 nossa Na\u00e7\u00e3o. Doravante irei dialogar em busca do honroso apoio dos colegas senadores e senadoras. Sou grato pelas ora\u00e7\u00f5es e pelas manifesta\u00e7\u00f5es de carinho e solidariedade\u201d, escreveu.\r\n\r\nFormado em direito pela Universidade Federal do Maranh\u00e3o (UFMA), com mestrado na Universidade Federal de Pernambuco (UFPE), Fl\u00e1vio Dino foi juiz federal por 12 anos, per\u00edodo no qual ocupou postos como a presid\u00eancia da Associa\u00e7\u00e3o dos Ju\u00edzes Federais do Brasil (Ajufe) e a secretaria-geral do Conselho Nacional de Justi\u00e7a (CNJ).\r\n\r\n\r\n\r\n<em><b>Edi\u00e7\u00e3o: Aur\u00e9lio Fid\u00eancio\r\nMat\u00e9ria: Carolina Pimentel\r\nFonte: Ag\u00eancia Brasil <\/b>\r\n<\/em><strong><em>CLICKARA\u00c7OIABA: A voz confi\u00e1vel da cidade desde 1999.<\/em><\/strong>\r\n<h2><a href=\"https:\/\/www.clickaracoiaba.com.br\/guia\/empresa\/717\"><img loading=\"lazy\" decoding=\"async\" class=\"aligncenter size-full wp-image-8987\" src=\"https:\/\/www.clickaracoiaba.com.br\/wp-content\/uploads\/2022\/12\/sicred_banner_690.jpg\" alt=\"\" width=\"690\" height=\"178\" \/><\/a><\/h2>","protected":false},"excerpt":{"rendered":"<p>Informa\u00e7\u00e3o foi confirmada pelo presidente da comiss\u00e3o, Davi Alcolumbre O senador e presidente da Comiss\u00e3o de Constitui\u00e7\u00e3o e Justi\u00e7a (CCJ) do Senado, Davi Alcolumbre (Uni\u00e3o-AP), marcou para o dia 13 de dezembro a sabatina de Fl\u00e1vio Dino, indicado pelo presidente Luiz In\u00e1cio Lula da Silva para o Supremo Tribunal Federal (STF). Em nota, divulgada nas&#8230;<\/p>\n","protected":false},"author":1,"featured_media":9471,"comment_status":"open","ping_status":"open","sticky":false,"template":"","format":"standard","meta":{"magazine_newspaper_sidebar_layout":"","footnotes":""},"categories":[2,9],"tags":[],"class_list":["post-9470","post","type-post","status-publish","format-standard","has-post-thumbnail","hentry","category-brasil","category-politica"],"_links":{"self":[{"href":"https:\/\/www.clickaracoiaba.com.br\/index.php?rest_route=\/wp\/v2\/posts\/9470","targetHints":{"allow":["GET"]}}],"collection":[{"href":"https:\/\/www.clickaracoiaba.com.br\/index.php?rest_route=\/wp\/v2\/posts"}],"about":[{"href":"https:\/\/www.clickaracoiaba.com.br\/index.php?rest_route=\/wp\/v2\/types\/post"}],"author":[{"embeddable":true,"href":"https:\/\/www.clickaracoiaba.com.br\/index.php?rest_route=\/wp\/v2\/users\/1"}],"replies":[{"embeddable":true,"href":"https:\/\/www.clickaracoiaba.com.br\/index.php?rest_route=%2Fwp%2Fv2%2Fcomments&post=9470"}],"version-history":[{"count":0,"href":"https:\/\/www.clickaracoiaba.com.br\/index.php?rest_route=\/wp\/v2\/posts\/9470\/revisions"}],"wp:featuredmedia":[{"embeddable":true,"href":"https:\/\/www.clickaracoiaba.com.br\/index.php?rest_route=\/wp\/v2\/media\/9471"}],"wp:attachment":[{"href":"https:\/\/www.clickaracoiaba.com.br\/index.php?rest_route=%2Fwp%2Fv2%2Fmedia&parent=9470"}],"wp:term":[{"taxonomy":"category","embeddable":true,"href":"https:\/\/www.clickaracoiaba.com.br\/index.php?rest_route=%2Fwp%2Fv2%2Fcategories&post=9470"},{"taxonomy":"post_tag","embeddable":true,"href":"https:\/\/www.clickaracoiaba.com.br\/index.php?rest_route=%2Fwp%2Fv2%2Ftags&post=9470"}],"curies":[{"name":"wp","href":"https:\/\/api.w.org\/{rel}","templated":true}]}}