{"id":9390,"date":"2023-10-25T14:55:19","date_gmt":"2023-10-25T17:55:19","guid":{"rendered":"https:\/\/www.clickaracoiaba.com.br\/?p=9390"},"modified":"2023-10-25T14:55:19","modified_gmt":"2023-10-25T17:55:19","slug":"lula-demite-presidente-da-caixa-economica-federal-para-entregar-a-estatal-ao-pp-partido-do-centrao","status":"publish","type":"post","link":"https:\/\/www.clickaracoiaba.com.br\/?p=9390","title":{"rendered":"Lula demite presidente da Caixa Econ\u00f4mica Federal para entregar a estatal ao PP (partido do centr\u00e3o)"},"content":{"rendered":"<h5><a href=\"https:\/\/www.clickaracoiaba.com.br\/guia\/empresa\/716\"><img loading=\"lazy\" decoding=\"async\" class=\"aligncenter size-full wp-image-8966\" src=\"https:\/\/www.clickaracoiaba.com.br\/wp-content\/uploads\/2022\/11\/supermercado-bom-lugar-aracoiaba-placa-690.jpg\" alt=\"\" width=\"690\" height=\"228\" srcset=\"https:\/\/www.clickaracoiaba.com.br\/wp-content\/uploads\/2022\/11\/supermercado-bom-lugar-aracoiaba-placa-690.jpg 690w, https:\/\/www.clickaracoiaba.com.br\/wp-content\/uploads\/2022\/11\/supermercado-bom-lugar-aracoiaba-placa-690-300x99.jpg 300w\" sizes=\"auto, (max-width: 690px) 100vw, 690px\" \/><\/a><\/h5>\r\n<h5>Para o lugar de Rita Serrano, o governo federal nomear\u00e1 o economista Carlos Ant\u00f4nio Vieira Fernandes (PP)<\/h5>\r\n<div class=\"flex-1 overflow-hidden\">\r\n<div class=\"react-scroll-to-bottom--css-wabgb-79elbk h-full dark:bg-gray-800\">\r\n<div class=\"react-scroll-to-bottom--css-wabgb-1n7m0yu\">\r\n<div class=\"flex flex-col text-sm dark:bg-gray-800\">\r\n<div class=\"group final-completion w-full text-token-text-primary border-b border-black\/10 gizmo:border-0 dark:border-gray-900\/50 gizmo:dark:border-0 bg-gray-50 gizmo:bg-transparent dark:bg-[#444654] gizmo:dark:bg-transparent\" data-testid=\"conversation-turn-9\">\r\n<div class=\"p-4 justify-center text-base md:gap-6 md:py-6 m-auto\">\r\n<div class=\"flex flex-1 gap-4 text-base mx-auto md:gap-6 gizmo:gap-3 gizmo:md:px-5 gizmo:lg:px-1 gizmo:xl:px-5 md:max-w-2xl lg:max-w-[38rem] gizmo:md:max-w-3xl gizmo:lg:max-w-[40rem] gizmo:xl:max-w-[48rem] xl:max-w-3xl }\">\r\n<div class=\"relative flex w-[calc(100%-50px)] flex-col gizmo:w-full lg:w-[calc(100%-115px)] agent-turn\">\r\n<div class=\"flex-col gap-1 md:gap-3\">\r\n<div class=\"flex flex-grow flex-col gap-3 max-w-full\">\r\n<div class=\"min-h-[20px] flex flex-col items-start gap-3 whitespace-pre-wrap break-words overflow-x-auto\">\r\n<div class=\"markdown prose w-full break-words dark:prose-invert light\">\r\n\r\nO Planalto fez um comunicado informando que o presidente Luiz In\u00e1cio Lula da Silva se reuniu hoje com Rita e agradeceu seu trabalho e dedica\u00e7\u00e3o no exerc\u00edcio do cargo.\r\n\r\n\u201cSerrano cumpriu na sua gest\u00e3o uma miss\u00e3o importante de recupera\u00e7\u00e3o da gest\u00e3o e cultura interna da Caixa Econ\u00f4mica Federal, com a valoriza\u00e7\u00e3o do corpo de funcion\u00e1rios e retomada do papel do banco em diversas pol\u00edticas sociais, ao mesmo tempo aumentando sua efici\u00eancia e rentabilidade, ampliando os financiamentos para habita\u00e7\u00e3o, infraestrutura e agroneg\u00f3cio\u201d, diz a nota.\r\n\r\n \r\n\r\n<\/div>\r\n<\/div>\r\n<\/div>\r\n<\/div>\r\n<\/div>\r\n<\/div>\r\n<\/div>\r\n<\/div>\r\n<\/div>\r\n<\/div>\r\n<\/div>\r\n<\/div>\r\n<div>\r\n\r\n<!-- \/wp:post-content --> <!-- wp:paragraph -->\r\n\r\n<!-- \/wp:paragraph -->\r\n\r\n<\/div>\r\n<div>\r\n<h2><a href=\"https:\/\/www.clickaracoiaba.com.br\/guia\/empresa\/717\"><img loading=\"lazy\" decoding=\"async\" class=\"aligncenter size-full wp-image-8987\" src=\"https:\/\/www.clickaracoiaba.com.br\/wp-content\/uploads\/2022\/12\/sicred_banner_690.jpg\" alt=\"\" width=\"690\" height=\"178\" \/><\/a><\/h2>\r\nO governo federal nomear\u00e1 o economista Carlos Ant\u00f4nio Vieira Fernandes (PP) para a presid\u00eancia do banco, aliado de Arthur Lira, presidente da C\u00e2mara dos Deputados.\r\n\r\nRita Serrano havia assumido o cargo de presidente da Caixa em janeiro deste ano. A cerim\u00f4nia de posse teve a participa\u00e7\u00e3o de Lula. Rita Serrano foi a quarta mulher a presidir a institui\u00e7\u00e3o, sendo a segunda empregada de carreira.\r\n\r\n<\/div>\r\n<em><b>Mat\u00e9ria: Aur\u00e9lio Fid\u00eancio<\/b><b>\r\nFonte: Planalto<\/b>\r\n<\/em><strong><em>CLICKARA\u00c7OIABA: A voz confi\u00e1vel da cidade desde 1999.<\/em><\/strong>\r\n<h3><a href=\"https:\/\/www.clickaracoiaba.com.br\/guia\/empresa\/718\" target=\"_blank\" rel=\"noopener\"><img loading=\"lazy\" decoding=\"async\" class=\"aligncenter size-full wp-image-9046\" src=\"https:\/\/www.clickaracoiaba.com.br\/wp-content\/uploads\/2023\/01\/emme_banner_noticias_690x400.png\" alt=\"\" width=\"690\" height=\"278\" \/><\/a><\/h3>","protected":false},"excerpt":{"rendered":"<p>Para o lugar de Rita Serrano, o governo federal nomear\u00e1 o economista Carlos Ant\u00f4nio Vieira Fernandes (PP) O Planalto fez um comunicado informando que o presidente Luiz In\u00e1cio Lula da Silva se reuniu hoje com Rita e agradeceu seu trabalho e dedica\u00e7\u00e3o no exerc\u00edcio do cargo. \u201cSerrano cumpriu na sua gest\u00e3o uma miss\u00e3o importante de&#8230;<\/p>\n","protected":false},"author":1,"featured_media":9391,"comment_status":"open","ping_status":"open","sticky":false,"template":"","format":"standard","meta":{"magazine_newspaper_sidebar_layout":"","footnotes":""},"categories":[2,9],"tags":[1736,1729,1724,1717,1726,1730,1718,1732,1723,1733,1734,1721,1735,1731,1728,1722,1725,1727,1719,1720],"class_list":["post-9390","post","type-post","status-publish","format-standard","has-post-thumbnail","hentry","category-brasil","category-politica","tag-agronegocio","tag-arthurlira","tag-bancopublico","tag-caixaeconomica","tag-carlosantoniovieirafernandes","tag-cerimoniadeposse","tag-demissao","tag-desenvolvimentosocial","tag-economiabrasileira","tag-eficienciabancaria","tag-financiamentohabitacional","tag-governofederal","tag-infraestrutura","tag-liderancafeminina","tag-luizinacioluladasilva","tag-mudancasnogoverno","tag-nomeacoesgovernamentais","tag-politicabrasileira","tag-presidentedacaixa","tag-ritaserrano"],"_links":{"self":[{"href":"https:\/\/www.clickaracoiaba.com.br\/index.php?rest_route=\/wp\/v2\/posts\/9390","targetHints":{"allow":["GET"]}}],"collection":[{"href":"https:\/\/www.clickaracoiaba.com.br\/index.php?rest_route=\/wp\/v2\/posts"}],"about":[{"href":"https:\/\/www.clickaracoiaba.com.br\/index.php?rest_route=\/wp\/v2\/types\/post"}],"author":[{"embeddable":true,"href":"https:\/\/www.clickaracoiaba.com.br\/index.php?rest_route=\/wp\/v2\/users\/1"}],"replies":[{"embeddable":true,"href":"https:\/\/www.clickaracoiaba.com.br\/index.php?rest_route=%2Fwp%2Fv2%2Fcomments&post=9390"}],"version-history":[{"count":0,"href":"https:\/\/www.clickaracoiaba.com.br\/index.php?rest_route=\/wp\/v2\/posts\/9390\/revisions"}],"wp:featuredmedia":[{"embeddable":true,"href":"https:\/\/www.clickaracoiaba.com.br\/index.php?rest_route=\/wp\/v2\/media\/9391"}],"wp:attachment":[{"href":"https:\/\/www.clickaracoiaba.com.br\/index.php?rest_route=%2Fwp%2Fv2%2Fmedia&parent=9390"}],"wp:term":[{"taxonomy":"category","embeddable":true,"href":"https:\/\/www.clickaracoiaba.com.br\/index.php?rest_route=%2Fwp%2Fv2%2Fcategories&post=9390"},{"taxonomy":"post_tag","embeddable":true,"href":"https:\/\/www.clickaracoiaba.com.br\/index.php?rest_route=%2Fwp%2Fv2%2Ftags&post=9390"}],"curies":[{"name":"wp","href":"https:\/\/api.w.org\/{rel}","templated":true}]}}