{"id":9194,"date":"2023-05-25T23:57:24","date_gmt":"2023-05-26T02:57:24","guid":{"rendered":"https:\/\/www.clickaracoiaba.com.br\/?p=9194"},"modified":"2023-06-03T13:59:03","modified_gmt":"2023-06-03T16:59:03","slug":"programacao-da-festa-junina-de-votorantim-2023","status":"publish","type":"post","link":"https:\/\/www.clickaracoiaba.com.br\/?p=9194","title":{"rendered":"Programa\u00e7\u00e3o da Festa Junina de Votorantim 2023"},"content":{"rendered":"<h3><a href=\"http:\/\/www.dedetizadoraddplan.com.br\" target=\"_blank\" rel=\"noopener\"><img loading=\"lazy\" decoding=\"async\" class=\"aligncenter size-full wp-image-5981\" src=\"https:\/\/www.clickaracoiaba.com.br\/wp-content\/uploads\/2020\/07\/ddplan_690.jpg\" alt=\"\" width=\"690\" height=\"122\" srcset=\"https:\/\/www.clickaracoiaba.com.br\/wp-content\/uploads\/2020\/07\/ddplan_690.jpg 690w, https:\/\/www.clickaracoiaba.com.br\/wp-content\/uploads\/2020\/07\/ddplan_690-300x53.jpg 300w\" sizes=\"auto, (max-width: 690px) 100vw, 690px\" \/><\/a><\/h3>\n<h2>A 106\u00ba Festa Junina de Votorantim acontecer\u00e1 entre os dias 24\/05\/2023 ao dia 18\/06\/2023.<\/h2>\n<p>Viva a Magia da Festa Junina de Votorantim: M\u00fasica, Divers\u00e3o e Cobertura do Portal <a href=\"https:\/\/www.clickaracoiaba.com.br\/?p=9194\">CLICKARA\u00c7OIABA<\/a>!<\/p>\n<p>Procurando por uma\u00a0<a href=\"https:\/\/www.clickaracoiaba.com.br\/?p=9194\">Festa Junina<\/a>\u00a0espetacular, repleta de shows dos maiores nomes da m\u00fasica brasileira e uma deliciosa variedade de comidas? Ent\u00e3o, anote a\u00ed! Entre os dias 24 de maio e 18 de junho, de quarta a domingo, a Pra\u00e7a Lecy de Campos ser\u00e1 o palco da\u00a0<a href=\"https:\/\/www.clickaracoiaba.com.br\/?p=9194\">106\u00aa edi\u00e7\u00e3o da Festa Junina de Votorantim.<\/a><\/p>\n<p>Prepare-se para se encantar com shows de artistas renomados, como Ludmilla, Ana Castela, Teto, Z\u00e9 Neto e Cristiano e L\u00e9o Santana. Al\u00e9m disso, as crian\u00e7as ter\u00e3o divers\u00e3o garantida no Moreno\u2019s Park, que estar\u00e1 aberto todos os dias do evento, com seus in\u00fameros brinquedos famosos, como os carrinhos de bate-bate, a empolgante crazy dance, um lindo carrossel e at\u00e9 mesmo uma roda gigante.<\/p>\n<p>E tem mais! A cobertura jornal\u00edstica dos melhores momentos do evento ser\u00e1 feita pelo Portal\u00a0<a href=\"https:\/\/www.clickaracoiaba.com.br\/?p=9194\" target=\"_blank\" rel=\"noreferrer noopener\">CLICKARA\u00c7OIABA<\/a>, trazendo todos os destaques e momentos imperd\u00edveis dessa celebra\u00e7\u00e3o incr\u00edvel.<\/p>\n<p>Quanto \u00e0\u00a0<a href=\"https:\/\/www.clickaracoiaba.com.br\/?p=9194\">programa\u00e7\u00e3o da Festa Junina de Votorantim 2023<\/a>, o Palco Principal ser\u00e1 o cen\u00e1rio de uma diversidade de g\u00eaneros musicais, incluindo sertanejo, pagode, funk, eletr\u00f4nica, gospel, rap e pop rock. Os shows acontecer\u00e3o de quarta-feira a domingo, inclusive em feriados, com in\u00edcio \u00e0s 21h30. Confira a programa\u00e7\u00e3o completa para cada semana e garanta que voc\u00ea n\u00e3o perca nenhum momento!<\/p>\n<p>N\u00e3o perca a oportunidade de vivenciar a atmosfera contagiante da\u00a0<a href=\"https:\/\/www.clickaracoiaba.com.br\/?p=9194\">Festa Junina de Votorantim 2023<\/a>, um evento que promete divers\u00e3o, m\u00fasica e sabores irresist\u00edveis para toda a fam\u00edlia. Marque essa data em seu calend\u00e1rio e junte-se a n\u00f3s nessa celebra\u00e7\u00e3o emocionante!<\/p>\n<h2 class=\"wp-block-heading\">Primeira semana:<\/h2>\n<p><strong>24\/05 (quarta-feira) \u2013<\/strong>\u00a0Abertura da festa<br \/>\n<strong>25\/05 (quinta-feira) \u2013<\/strong>\u00a0Palco Cultura<br \/>\n<strong>26\/05 (sexta-feira) \u2013<\/strong>\u00a0Hugo e Guilherme<br \/>\n<strong>27\/05 (s\u00e1bado) \u2013<\/strong>\u00a0Ludmilla<br \/>\n<strong>28\/05 (domingo) \u2013<\/strong>\u00a0Show infantil Sonhando com o Mickey<br \/>\n<strong>28\/05 (domingo) \u2013<\/strong>\u00a0Teto + WIU<\/p>\n<h2 class=\"wp-block-heading\">Segunda semana:<\/h2>\n<p><strong>31\/05 (quarta) \u2013<\/strong>\u00a0Palco Cultura<br \/>\n<strong>01\/06 (quinta-feira) \u2013<\/strong>\u00a0Show gospel<br \/>\n<strong>02\/06 (sexta-feira) \u2013<\/strong>\u00a0Z\u00e9 Neto e Cristiano<br \/>\n<strong>03\/06 (s\u00e1bado) \u2013<\/strong>\u00a0Luan Santana<br \/>\n<strong>04\/06 (domingo) \u2013<\/strong>\u00a0Show infantil Hakuna Matata<br \/>\n<strong>04\/06 (domingo) \u2013<\/strong>\u00a0Matu\u00ea<\/p>\n<h2 class=\"wp-block-heading\">Terceira semana:<\/h2>\n<p><strong>07\/06 (quarta-feira) \u2013<\/strong>\u00a0Maiara e Mara\u00edsa<br \/>\n<strong>08\/06 (quinta-feira \u2013 feriado)<\/strong>\u00a0\u2013 Henrique e Juliano<br \/>\n<strong>09\/06 (sexta-feira) \u2013<\/strong>\u00a0L\u00e9o Santana<br \/>\n<strong>10\/06 (s\u00e1bado) \u2013<\/strong>\u00a0Alok<br \/>\n<strong>11\/06 (domingo) \u2013<\/strong>\u00a0Show infantil Frozen 2<br \/>\n<strong>11\/06 (domingo) \u2013<\/strong>\u00a0Menos \u00e9 Mais<\/p>\n<h2 class=\"wp-block-heading\">Quarta semana:<\/h2>\n<p><strong>15\/06 (quinta-feira) \u2013<\/strong>\u00a0Show cat\u00f3lico<br \/>\n<strong>16\/06 (sexta-feira) \u2013<\/strong>\u00a0Jorge e Mateus<br \/>\n<strong>17\/06 (s\u00e1bado) \u2013<\/strong>\u00a0Ana Castela<br \/>\n<strong>18\/06 (domingo)<\/strong>\u00a0\u2013 Show infantil Encanto<br \/>\n<strong>18\/06 (domingo) \u2013<\/strong>\u00a0Gustavo Mioto<\/p>\n<h2><a href=\"https:\/\/www.pizzariacarrocao.com.br\" target=\"_blank\" rel=\"noopener\"><img loading=\"lazy\" decoding=\"async\" class=\"aligncenter size-full wp-image-7620\" src=\"https:\/\/www.clickaracoiaba.com.br\/wp-content\/uploads\/2021\/12\/carrocao-pizzaria-clickaracoiaba-690px.jpg\" alt=\"\" width=\"690\" height=\"255\" srcset=\"https:\/\/www.clickaracoiaba.com.br\/wp-content\/uploads\/2021\/12\/carrocao-pizzaria-clickaracoiaba-690px.jpg 690w, https:\/\/www.clickaracoiaba.com.br\/wp-content\/uploads\/2021\/12\/carrocao-pizzaria-clickaracoiaba-690px-300x111.jpg 300w\" sizes=\"auto, (max-width: 690px) 100vw, 690px\" \/><\/a><\/h2>\n<h2 class=\"wp-block-heading\">Programa\u00e7\u00e3o do Palco Regional<\/h2>\n<ul>\n<li>24 de maio \u2013 Darci Monteiro<\/li>\n<li>25 de maio \u2013\u00a0 Xandaomsilva_oficial<\/li>\n<li>26 de maio \u2013 Alesha<\/li>\n<li>27 de maio \u2013 Perdidos<\/li>\n<li>28 de maio \u2013 Chosen Gang<\/li>\n<li>1 de junho \u2013 D\u2019Cezar Show<\/li>\n<li>2 de junho \u2013\u00a0 Gerson Peres<\/li>\n<li>3 de junho \u2013 Fernando e Rafael<\/li>\n<li>4 de junho \u2013 JBF A Fun\u00e7\u00e3o<\/li>\n<li>7 de junho \u2013\u00a0 Cl\u00ea Paiva<\/li>\n<li>8 de junho \u2013\u00a0 Gustavo Alonso<\/li>\n<li>9 de junho \u2013\u00a0 Gabriel Linz<\/li>\n<li>10 de junho \u2013 MC MG da Leste<\/li>\n<li>11 de junho \u2013\u00a0 Madellic<\/li>\n<li>14 de junho \u2013\u00a0 Xexeleco Show<\/li>\n<li>15 de junho \u2013\u00a0 Lv Twil<\/li>\n<li>16 de junho \u2013\u00a0 Estevam Fiori<\/li>\n<li>17 \u2013 de junho \u2013\u00a0 Mirella Vallandro<\/li>\n<li>18 \u2013 de junho \u2013\u00a0 Rayane Parreira<\/li>\n<\/ul>\n<p><em>O Palco Regional ficar\u00e1 localizado em frente \u00e0 pra\u00e7a de alimenta\u00e7\u00e3o que abriga as barracas ocupadas pelas entidades beneficentes do munic\u00edpio, levando m\u00fasica e anima\u00e7\u00e3o ao p\u00fablico presente, trabalhadores e volunt\u00e1rios.<\/em><\/p>\n<h2 class=\"wp-block-heading\">Quanto custam os ingressos da Festa Junina de Votorantim?<\/h2>\n<p>N\u00e3o perca tempo! Os ingressos para os shows est\u00e3o dispon\u00edveis para venda on-line no site,<a href=\"https:\/\/www.guicheweb.com.br\/festa-junina-de-votorantim-2023_21598\" target=\"_blank\" rel=\"noreferrer noopener\">\u00a0clicando aqui<\/a>, e custam a partir de R$ 5.<\/p>\n<p>Estudantes t\u00eam direito \u00e0 meia-entrada. Idosos, PcD (pessoas com defici\u00eancia) e crian\u00e7as com menos de 8 anos n\u00e3o pagam. Lembrando que o valor dos ingresso varia de acordo com o show escolhido<\/p>\n<p><strong><em>Mat\u00e9ria: Aur\u00e9lio Fid\u00eancio<\/em><\/strong><br \/>\n<strong><em>CLICKARA\u00c7OIABA: A voz confi\u00e1vel da cidade desde 1999.<\/em><\/strong><\/p>\n<h3><a href=\"https:\/\/www.clickaracoiaba.com.br\/guia\/empresa\/718\" target=\"_blank\" rel=\"noopener\"><img loading=\"lazy\" decoding=\"async\" class=\"aligncenter size-full wp-image-9046\" src=\"https:\/\/www.clickaracoiaba.com.br\/wp-content\/uploads\/2023\/01\/emme_banner_noticias_690x400.png\" alt=\"\" width=\"690\" height=\"278\" \/><\/a><\/h3>\n","protected":false},"excerpt":{"rendered":"<p>A 106\u00ba Festa Junina de Votorantim acontecer\u00e1 entre os dias 24\/05\/2023 ao dia 18\/06\/2023. Viva a Magia da Festa Junina de Votorantim: M\u00fasica, Divers\u00e3o e Cobertura do Portal CLICKARA\u00c7OIABA! Procurando por uma\u00a0Festa Junina\u00a0espetacular, repleta de shows dos maiores nomes da m\u00fasica brasileira e uma deliciosa variedade de comidas? Ent\u00e3o, anote a\u00ed! Entre os dias 24&#8230;<\/p>\n","protected":false},"author":1,"featured_media":9216,"comment_status":"open","ping_status":"open","sticky":false,"template":"","format":"standard","meta":{"magazine_newspaper_sidebar_layout":"","footnotes":""},"categories":[6,104],"tags":[1596],"class_list":["post-9194","post","type-post","status-publish","format-standard","has-post-thumbnail","hentry","category-lazer","category-regiao","tag-festa-junina-de-votorantim-2023"],"_links":{"self":[{"href":"https:\/\/www.clickaracoiaba.com.br\/index.php?rest_route=\/wp\/v2\/posts\/9194","targetHints":{"allow":["GET"]}}],"collection":[{"href":"https:\/\/www.clickaracoiaba.com.br\/index.php?rest_route=\/wp\/v2\/posts"}],"about":[{"href":"https:\/\/www.clickaracoiaba.com.br\/index.php?rest_route=\/wp\/v2\/types\/post"}],"author":[{"embeddable":true,"href":"https:\/\/www.clickaracoiaba.com.br\/index.php?rest_route=\/wp\/v2\/users\/1"}],"replies":[{"embeddable":true,"href":"https:\/\/www.clickaracoiaba.com.br\/index.php?rest_route=%2Fwp%2Fv2%2Fcomments&post=9194"}],"version-history":[{"count":0,"href":"https:\/\/www.clickaracoiaba.com.br\/index.php?rest_route=\/wp\/v2\/posts\/9194\/revisions"}],"wp:featuredmedia":[{"embeddable":true,"href":"https:\/\/www.clickaracoiaba.com.br\/index.php?rest_route=\/wp\/v2\/media\/9216"}],"wp:attachment":[{"href":"https:\/\/www.clickaracoiaba.com.br\/index.php?rest_route=%2Fwp%2Fv2%2Fmedia&parent=9194"}],"wp:term":[{"taxonomy":"category","embeddable":true,"href":"https:\/\/www.clickaracoiaba.com.br\/index.php?rest_route=%2Fwp%2Fv2%2Fcategories&post=9194"},{"taxonomy":"post_tag","embeddable":true,"href":"https:\/\/www.clickaracoiaba.com.br\/index.php?rest_route=%2Fwp%2Fv2%2Ftags&post=9194"}],"curies":[{"name":"wp","href":"https:\/\/api.w.org\/{rel}","templated":true}]}}