{"id":9026,"date":"2022-12-31T02:37:36","date_gmt":"2022-12-31T05:37:36","guid":{"rendered":"https:\/\/www.clickaracoiaba.com.br\/?p=9026"},"modified":"2022-12-31T02:39:53","modified_gmt":"2022-12-31T05:39:53","slug":"notas-de-falecimento-31122022","status":"publish","type":"post","link":"https:\/\/www.clickaracoiaba.com.br\/?p=9026","title":{"rendered":"Nota de Falecimento 31\/12\/2022"},"content":{"rendered":"<blockquote>\n<h5 style=\"text-align: left;\">&#8220;Dos que partem ficam as saudades e as lembran\u00e7as do que passou, por isso eles nunca desaparecem totalmente. Receba nossas condol\u00eancias&#8221;<br \/>\n<span style=\"color: #999999;\"><em>Clickara\u00e7oiaba<\/em><\/span><\/h5>\n<\/blockquote>\n<h3>Com profundo pesar, que comunicamos o falecimento de:<\/h3>\n<ul>\n<li>\u00a0<b><i>Jos\u00e9 Teixeira de Proen\u00e7a<\/i><\/b><span style=\"font-size: 14px;\">, 78 anos de idade &#8211; Esposo de Zelita Alves Teixeira e e pai de Danilo de 35 anos e Roberto de 54 anos.<\/span><\/li>\n<\/ul>\n<p>Veio a \u00f3bito dia\u00a0 30\/12\/22 no munic\u00edpio de Ara\u00e7oiaba da Serra\/ SP.<\/p>\n<p>Vel\u00f3rio com a fam\u00edlia na Travessa Zico Machado n:13. Sepultamento\u00a0dia 31\/12\/2022, \u00e0s 10:00h no Cemit\u00e9rio do Jundiacanga, Ara\u00e7oiaba da Serra, SP<\/p>\n<hr \/>\n<p><a href=\"https:\/\/www.clickaracoiaba.com.br\/guia\/empresa\/679\"><img loading=\"lazy\" decoding=\"async\" class=\"aligncenter size-full wp-image-5982\" src=\"https:\/\/www.clickaracoiaba.com.br\/wp-content\/uploads\/2020\/07\/jjmarmores-e-granitos-690.jpg\" alt=\"\" width=\"690\" height=\"122\" srcset=\"https:\/\/www.clickaracoiaba.com.br\/wp-content\/uploads\/2020\/07\/jjmarmores-e-granitos-690.jpg 690w, https:\/\/www.clickaracoiaba.com.br\/wp-content\/uploads\/2020\/07\/jjmarmores-e-granitos-690-300x53.jpg 300w\" sizes=\"auto, (max-width: 690px) 100vw, 690px\" \/><\/a><\/p>\n<p><span style=\"color: #999999;\"><em>Clickara\u00e7oiaba o primeiro Portal online de Ara\u00e7oiaba da Serra<br \/>\nNo ar desde 1999.<\/em><\/span><\/p>\n<p><span style=\"color: #ffffff;\">Obitu\u00e1rio Ara\u00e7oiaba da Serra\/SP, Capela do Alto\/SP<\/span><\/p>\n","protected":false},"excerpt":{"rendered":"<p>&#8220;Dos que partem ficam as saudades e as lembran\u00e7as do que passou, por isso eles nunca desaparecem totalmente. Receba nossas condol\u00eancias&#8221; Clickara\u00e7oiaba Com profundo pesar, que comunicamos o falecimento de: \u00a0Jos\u00e9 Teixeira de Proen\u00e7a, 78 anos de idade &#8211; Esposo de Zelita Alves Teixeira e e pai de Danilo de 35 anos e Roberto de&#8230;<\/p>\n","protected":false},"author":1,"featured_media":4699,"comment_status":"open","ping_status":"open","sticky":false,"template":"","format":"standard","meta":{"magazine_newspaper_sidebar_layout":"","footnotes":""},"categories":[374],"tags":[],"class_list":["post-9026","post","type-post","status-publish","format-standard","has-post-thumbnail","hentry","category-obituario"],"_links":{"self":[{"href":"https:\/\/www.clickaracoiaba.com.br\/index.php?rest_route=\/wp\/v2\/posts\/9026","targetHints":{"allow":["GET"]}}],"collection":[{"href":"https:\/\/www.clickaracoiaba.com.br\/index.php?rest_route=\/wp\/v2\/posts"}],"about":[{"href":"https:\/\/www.clickaracoiaba.com.br\/index.php?rest_route=\/wp\/v2\/types\/post"}],"author":[{"embeddable":true,"href":"https:\/\/www.clickaracoiaba.com.br\/index.php?rest_route=\/wp\/v2\/users\/1"}],"replies":[{"embeddable":true,"href":"https:\/\/www.clickaracoiaba.com.br\/index.php?rest_route=%2Fwp%2Fv2%2Fcomments&post=9026"}],"version-history":[{"count":0,"href":"https:\/\/www.clickaracoiaba.com.br\/index.php?rest_route=\/wp\/v2\/posts\/9026\/revisions"}],"wp:featuredmedia":[{"embeddable":true,"href":"https:\/\/www.clickaracoiaba.com.br\/index.php?rest_route=\/wp\/v2\/media\/4699"}],"wp:attachment":[{"href":"https:\/\/www.clickaracoiaba.com.br\/index.php?rest_route=%2Fwp%2Fv2%2Fmedia&parent=9026"}],"wp:term":[{"taxonomy":"category","embeddable":true,"href":"https:\/\/www.clickaracoiaba.com.br\/index.php?rest_route=%2Fwp%2Fv2%2Fcategories&post=9026"},{"taxonomy":"post_tag","embeddable":true,"href":"https:\/\/www.clickaracoiaba.com.br\/index.php?rest_route=%2Fwp%2Fv2%2Ftags&post=9026"}],"curies":[{"name":"wp","href":"https:\/\/api.w.org\/{rel}","templated":true}]}}