{"id":8988,"date":"2022-12-09T01:08:34","date_gmt":"2022-12-09T04:08:34","guid":{"rendered":"https:\/\/www.clickaracoiaba.com.br\/?p=8988"},"modified":"2022-12-09T01:08:54","modified_gmt":"2022-12-09T04:08:54","slug":"balada-na-faixa-votorantim-completa-59-anos-de-emancipacao-veja-programacao-de-aniversario","status":"publish","type":"post","link":"https:\/\/www.clickaracoiaba.com.br\/?p=8988","title":{"rendered":"ROL\u00caS NA FAIXA: Votorantim completa 59 anos de Emancipa\u00e7\u00e3o; veja programa\u00e7\u00e3o de anivers\u00e1rio"},"content":{"rendered":"<h3 class=\"story-excerpt linetop\"><a href=\"https:\/\/www.clickaracoiaba.com.br\/guia\/empresa\/717\"><img loading=\"lazy\" decoding=\"async\" class=\"aligncenter size-full wp-image-8987\" src=\"https:\/\/www.clickaracoiaba.com.br\/wp-content\/uploads\/2022\/12\/sicred_banner_690.jpg\" alt=\"\" width=\"690\" height=\"178\" \/><\/a>O \u2018Hoho-ho\u2019 do velhinho de barba branca j\u00e1 est\u00e1 a caminho da cidade e a Prefeitura de Votorantim est\u00e1 com uma programa\u00e7\u00e3o especial para essa \u00e9poca do ano. Entre o dia 8 a 24 de dezembro, a popula\u00e7\u00e3o poder\u00e1 contar com mais de 10 atra\u00e7\u00f5es.<\/h3>\n<div>Nesta quinta-feira (dia 8 de dezembro), ap\u00f3s o desfile c\u00edvico da Semana da Emancipa\u00e7\u00e3o, a programa\u00e7\u00e3o tem in\u00edcio com a inaugura\u00e7\u00e3o da F\u00e1brica Encantada do Papai Noel, no Aqu\u00e1rio Cultura. O hor\u00e1rio ser\u00e1 das 19h \u00e0s 23h, todos os dias, exceto \u00e0s segundas-feiras. J\u00e1 no dia 24 de dezembro, o hor\u00e1rio ser\u00e1 alterado, das 17h at\u00e9 \u00e0s 20h, em decorr\u00eancia da v\u00e9spera do Natal.<\/div>\n<div>O espa\u00e7o est\u00e1 com uma decora\u00e7\u00e3o especial, repleta de luzes, personagens tem\u00e1ticos e a presen\u00e7a do pr\u00f3prio Papai Noel.<\/div>\n<div>A Secretaria de Cultura informa\u00a0que essa a\u00e7\u00e3o \u00e9 uma das \u00fanicas nesse formato em toda a Regi\u00e3o Metropolitana de Sorocaba (RMS). O objetivo \u00e9 oferecer esse momento \u00e0s fam\u00edlias que n\u00e3o t\u00eam\u00a0condi\u00e7\u00f5es de levar os filhos para ver o velhinho nos shoppings, onde normalmente esse evento acontece.<\/div>\n<p><a href=\"https:\/\/www.clickaracoiaba.com.br\/guia\/empresa\/716\"><img loading=\"lazy\" decoding=\"async\" class=\"aligncenter size-full wp-image-8966\" src=\"https:\/\/www.clickaracoiaba.com.br\/wp-content\/uploads\/2022\/11\/supermercado-bom-lugar-aracoiaba-placa-690.jpg\" alt=\"\" width=\"690\" height=\"228\" srcset=\"https:\/\/www.clickaracoiaba.com.br\/wp-content\/uploads\/2022\/11\/supermercado-bom-lugar-aracoiaba-placa-690.jpg 690w, https:\/\/www.clickaracoiaba.com.br\/wp-content\/uploads\/2022\/11\/supermercado-bom-lugar-aracoiaba-placa-690-300x99.jpg 300w\" sizes=\"auto, (max-width: 690px) 100vw, 690px\" \/><\/a><\/p>\n<p><strong>Confira a programa\u00e7\u00e3o:<\/strong><br \/>\nTodas as atra\u00e7\u00f5es, exceto a F\u00e1brica Encantada do Papai Noel, ser\u00e1 na Pra\u00e7a de Eventos Lecy de Campos<\/p>\n<p><strong>08\/12<\/strong><br \/>\n19h &#8211; Abertura da F\u00e1brica Encantada do Papai Noel &#8211; Aqu\u00e1rio Cultura, das 19h \u00e0s 23h (Todos os dias entre 8 e 23 de dezembro, exceto nas segundas-feiras).<br \/>\nNo per\u00edodo noturno &#8211; Caravana de Natal da Coca Cola &#8211; com parada especial para fotos na Pra\u00e7a de Eventos<br \/>\n21h &#8211; Banda Sexta Dimens\u00e3o com grande show de m\u00fasicas nacionais e internacionais, acompanhado de bailarinos<\/p>\n<p><strong>09\/12<\/strong><br \/>\n19h &#8211; DJ Sidnei com as melhores m\u00fasicas Flashback de todos os tempos<\/p>\n<p><strong>10\/12<\/strong><br \/>\n19h &#8211; Balada na Pra\u00e7a com as m\u00fasicas mais tocadas da atualidade, show especial de ilumina\u00e7\u00e3o, presen\u00e7a de grupos de passinhos e Djs de toda regi\u00e3o<\/p>\n<p><strong>11\/12<\/strong><br \/>\n19h &#8211; Espet\u00e1culo de Teatro \u201cA Ess\u00eancia do Natal\u201d com o\u00a0 grupo Amor Inclusivo e seus atores PcDs (teatro bil\u00edngue: portugu\u00eas e libras)<\/p>\n<p><strong>13\/12<\/strong><br \/>\n18h &#8211; Feira de Artesanato de Votorantim<br \/>\n19h30 &#8211; Noite do Ax\u00e9 com Jacar\u00e9<br \/>\nA partir das 19h &#8211; Trenzinho Iluminado da empresa City pela cidade com personagens &#8211; sa\u00edda da Pra\u00e7a de Eventos<\/p>\n<p><strong>14\/12<\/strong><br \/>\n19h &#8211; DJ Sombra na Pra\u00e7a &#8211; m\u00fasicas para todos os gostos e idades<br \/>\nA partir das 19h &#8211; Trenzinho Iluminado da empresa City pela cidade com personagens &#8211; sa\u00edda da Pra\u00e7a de Eventos<\/p>\n<p><strong>15\/12<\/strong><br \/>\n18h &#8211; Noite do Natal Inclusivo \u2013 programa\u00e7\u00e3o especial para autistas e demais PcDs com espa\u00e7o sensorial e brinquedos infl\u00e1veis<br \/>\n16h \u00e0s 20h &#8211; Trenzinho da Alegria da Associa\u00e7\u00e3o Comercial &#8211; passeio de trenzinho pela cidade com personagens &#8211; sa\u00edda da Pra\u00e7a de Eventos<\/p>\n<p><strong>16\/12<\/strong><br \/>\n20h &#8211; Show Musical com personagens dos filmes \u201cEncanto\u201d e \u201cFrozen\u201d &#8211; ap\u00f3s o show ter\u00e1 sess\u00e3o de fotos com os personagens<\/p>\n<p><strong>17\/12<\/strong><br \/>\n18h30 &#8211; Atividade de Caligrafia Taiwanesa com mensagens de paz e esperan\u00e7a<br \/>\n20h &#8211; Espet\u00e1culo de dan\u00e7a: \u201cO Quebra Nozes\u201d &#8211; Cia Sorocabana de Dan\u00e7a<\/p>\n<p><strong>18\/12<\/strong><br \/>\n15h &#8211; Fest\u00e3o Domingueira de Natal &#8211; com brinquedos infl\u00e1veis, pipoca, algod\u00e3o doce, banho de espuma, atra\u00e7\u00f5es art\u00edsticas e muito mais<br \/>\n20h &#8211; Concerto de Natal com a Orquestra Filarm\u00f4nica Jovem de Sorocaba<\/p>\n<p><strong>20\/12<\/strong><br \/>\n18h &#8211; Feira de Artesanato de Votorantim<br \/>\n19h30 &#8211; Quintaneja Especial de Natal com a presen\u00e7a das duplas:\u00a0 Diamantino &amp; Colla\u00e7o, Z\u00e9 Rosa &amp; Pedro Henrique e do Grupo de Viola Caipira de S\u00e3o Gon\u00e7alo<br \/>\nA partir das 19h &#8211; Trenzinho Iluminado da empresa City pela cidade com personagens &#8211; sa\u00edda da Pra\u00e7a de Eventos<\/p>\n<p><strong>21\/12<\/strong><br \/>\n19h30 &#8211; Carreta Show do Palha\u00e7o Tubinho &#8211; show com dupla sertaneja, personagens da Disney e o palha\u00e7o Tubinho.<\/p>\n<p><strong>22\/12<\/strong><br \/>\n19h &#8211; Oficina de Pintura em Tela com temas natalinos<br \/>\n16h \u00e0s 20h &#8211; Trenzinho da Alegria da Associa\u00e7\u00e3o Comercial &#8211; passeio de trenzinho pela cidade com personagens &#8211; sa\u00edda da Pra\u00e7a de Eventos<\/p>\n<p><strong>23\/12<\/strong><br \/>\n20h &#8211; Cantata: Um Canto de Paz &#8211; Coral Municipal de Votorantim, Coral do projeto Espa\u00e7o Feliz, Coral da APEVO e Allegro Orquestra<\/p>\n<p><strong>24\/12<\/strong><br \/>\n17h \u00e0s 20h &#8211; Encerramento da F\u00e1brica Encantada do Papai Noel &#8211; Aqu\u00e1rio Cultura<\/p>\n<div class=\"list-elem\">\n<div class=\"list-title\">\n<div><em>Mat\u00e9ria: Aur\u00e9lio Fid\u00eancio<\/em><br \/>\n<em><span style=\"color: #333333;\">Portal Clickara\u00e7oiaba, Desde 1999<span style=\"font-size: 14px;\">\u00a0<\/span><\/span><\/em><\/div>\n<\/div>\n<\/div>\n<h3><a href=\"https:\/\/api.whatsapp.com\/send?phone=5515998149112\" target=\"_blank\" rel=\"noopener\"><img loading=\"lazy\" decoding=\"async\" class=\"aligncenter size-full wp-image-8938\" src=\"https:\/\/www.clickaracoiaba.com.br\/wp-content\/uploads\/2022\/11\/instalacao-de-ventiladores-placa_690x300.jpg\" alt=\"\" width=\"690\" height=\"300\" srcset=\"https:\/\/www.clickaracoiaba.com.br\/wp-content\/uploads\/2022\/11\/instalacao-de-ventiladores-placa_690x300.jpg 690w, https:\/\/www.clickaracoiaba.com.br\/wp-content\/uploads\/2022\/11\/instalacao-de-ventiladores-placa_690x300-300x130.jpg 300w\" sizes=\"auto, (max-width: 690px) 100vw, 690px\" \/><\/a><\/h3>\n","protected":false},"excerpt":{"rendered":"<p>O \u2018Hoho-ho\u2019 do velhinho de barba branca j\u00e1 est\u00e1 a caminho da cidade e a Prefeitura de Votorantim est\u00e1 com uma programa\u00e7\u00e3o especial para essa \u00e9poca do ano. Entre o dia 8 a 24 de dezembro, a popula\u00e7\u00e3o poder\u00e1 contar com mais de 10 atra\u00e7\u00f5es. Nesta quinta-feira (dia 8 de dezembro), ap\u00f3s o desfile c\u00edvico&#8230;<\/p>\n","protected":false},"author":1,"featured_media":8989,"comment_status":"open","ping_status":"open","sticky":false,"template":"","format":"standard","meta":{"magazine_newspaper_sidebar_layout":"","footnotes":""},"categories":[6,104],"tags":[],"class_list":["post-8988","post","type-post","status-publish","format-standard","has-post-thumbnail","hentry","category-lazer","category-regiao"],"_links":{"self":[{"href":"https:\/\/www.clickaracoiaba.com.br\/index.php?rest_route=\/wp\/v2\/posts\/8988","targetHints":{"allow":["GET"]}}],"collection":[{"href":"https:\/\/www.clickaracoiaba.com.br\/index.php?rest_route=\/wp\/v2\/posts"}],"about":[{"href":"https:\/\/www.clickaracoiaba.com.br\/index.php?rest_route=\/wp\/v2\/types\/post"}],"author":[{"embeddable":true,"href":"https:\/\/www.clickaracoiaba.com.br\/index.php?rest_route=\/wp\/v2\/users\/1"}],"replies":[{"embeddable":true,"href":"https:\/\/www.clickaracoiaba.com.br\/index.php?rest_route=%2Fwp%2Fv2%2Fcomments&post=8988"}],"version-history":[{"count":0,"href":"https:\/\/www.clickaracoiaba.com.br\/index.php?rest_route=\/wp\/v2\/posts\/8988\/revisions"}],"wp:featuredmedia":[{"embeddable":true,"href":"https:\/\/www.clickaracoiaba.com.br\/index.php?rest_route=\/wp\/v2\/media\/8989"}],"wp:attachment":[{"href":"https:\/\/www.clickaracoiaba.com.br\/index.php?rest_route=%2Fwp%2Fv2%2Fmedia&parent=8988"}],"wp:term":[{"taxonomy":"category","embeddable":true,"href":"https:\/\/www.clickaracoiaba.com.br\/index.php?rest_route=%2Fwp%2Fv2%2Fcategories&post=8988"},{"taxonomy":"post_tag","embeddable":true,"href":"https:\/\/www.clickaracoiaba.com.br\/index.php?rest_route=%2Fwp%2Fv2%2Ftags&post=8988"}],"curies":[{"name":"wp","href":"https:\/\/api.w.org\/{rel}","templated":true}]}}