{"id":8140,"date":"2022-05-03T15:49:15","date_gmt":"2022-05-03T18:49:15","guid":{"rendered":"https:\/\/www.clickaracoiaba.com.br\/?p=8140"},"modified":"2022-05-03T15:49:15","modified_gmt":"2022-05-03T18:49:15","slug":"vereador-do-psb-em-audio-vazado-na-camara-de-sp-coisa-de-preto","status":"publish","type":"post","link":"https:\/\/www.clickaracoiaba.com.br\/?p=8140","title":{"rendered":"Vereador do PSB em \u00e1udio vazado na C\u00e2mara de SP: \u201cCoisa de preto\u201d"},"content":{"rendered":"<h3><a href=\"https:\/\/www.clickaracoiaba.com.br\/guia\/empresa\/653\"><img loading=\"lazy\" decoding=\"async\" class=\"aligncenter size-full wp-image-7297\" src=\"https:\/\/www.clickaracoiaba.com.br\/wp-content\/uploads\/2021\/10\/gs-med_690x122.jpg\" alt=\"\" width=\"690\" height=\"122\" srcset=\"https:\/\/www.clickaracoiaba.com.br\/wp-content\/uploads\/2021\/10\/gs-med_690x122.jpg 690w, https:\/\/www.clickaracoiaba.com.br\/wp-content\/uploads\/2021\/10\/gs-med_690x122-300x53.jpg 300w\" sizes=\"auto, (max-width: 690px) 100vw, 690px\" \/><\/a><\/h3>\n<h2 class=\"m-resume-single\">Camilo Crist\u00f3faro, do PSB, teve o \u00e1udio do microfone vazado durante uma CPI e foi flagrado usando a express\u00e3o racista &#8220;\u00e9 coisa de preto&#8221;<\/h2>\n<div>\n<p class=\"bodytext\">O vereador Camilo Crist\u00f3faro, do PSB de S\u00e3o Paulo, usou uma express\u00e3o racista durante uma conversa privada na CPI dos Aplicativos, nesta ter\u00e7a-feira (3\/5). O \u00e1udio do microfone de Crist\u00f3faro vazou no in\u00edcio da sess\u00e3o e foi transmitido pela rede de TV da C\u00e2mara dos Vereadores de S\u00e3o Paulo.<\/p>\n<p>\u00c9 poss\u00edvel ouvir Crist\u00f3faro completando um racioc\u00ednio com a express\u00e3o racista \u201c\u00e9 coisa de preto\u201d. Ao escutar a frase, a vereadora Luana Alves, do PSol, pediu a suspens\u00e3o da CPI. Os trabalhos foram interrompidos por alguns minutos.<\/p>\n<p><a href=\"https:\/\/www.clickaracoiaba.com.br\/guia\/empresa\/704\"><img loading=\"lazy\" decoding=\"async\" class=\"aligncenter size-full wp-image-7399\" src=\"https:\/\/www.clickaracoiaba.com.br\/wp-content\/uploads\/2021\/11\/uni-familiar_690X122.jpg\" alt=\"\" width=\"690\" height=\"122\" srcset=\"https:\/\/www.clickaracoiaba.com.br\/wp-content\/uploads\/2021\/11\/uni-familiar_690X122.jpg 690w, https:\/\/www.clickaracoiaba.com.br\/wp-content\/uploads\/2021\/11\/uni-familiar_690X122-300x53.jpg 300w\" sizes=\"auto, (max-width: 690px) 100vw, 690px\" \/><\/a><\/p>\n<p>N\u00e3o \u00e9 poss\u00edvel saber quem era o interlocutor de Crist\u00f3faro.<\/p>\n<p>Luana Alves disse \u00e0 coluna que entrar\u00e1 com uma representa\u00e7\u00e3o contra Crist\u00f3faro na Corregedoria da C\u00e2mara.<\/p>\n<h3>&#8220;Capivara&#8221; do nobre edil<\/h3>\n<div class=\"mc-column content-text active-extra-styles \" data-block-type=\"unstyled\" data-block-weight=\"32\" data-block-id=\"10\">\n<p class=\"content-text__container \" data-track-category=\"Link no Texto\" data-track-links=\"\">Em junho de 2018, o parlamentar foi cassado pela 1\u00aa Zona Eleitoral de S\u00e3o Paulo, em representa\u00e7\u00e3o ajuizada pelo Minist\u00e9rio P\u00fablico Eleitoral, por capta\u00e7\u00e3o il\u00edcita de recursos financeiros durante as elei\u00e7\u00f5es 2016.<\/p>\n<\/div>\n<div class=\"mc-column content-text active-extra-styles \" data-block-type=\"unstyled\" data-block-weight=\"34\" data-block-id=\"11\">\n<p class=\"content-text__container \" data-track-category=\"Link no Texto\" data-track-links=\"\">Segundo o Minist\u00e9rio P\u00fablico Eleitoral, parte do dinheiro usado na campanha do vereador teve origem il\u00edcita &#8211; R$ 6 mil, cerca de 14% do total declarado ao Tribunal Regional Eleitoral de S\u00e3o Paulo (TRE-SP).<\/p>\n<p data-track-category=\"Link no Texto\" data-track-links=\"\">Ainda em 2018 Camilo foi\u00a0condenado a indenizar Doria em 90.000 reais,<\/p>\n<p>Na a\u00e7\u00e3o, a defesa de Doria alegou que o vereador mant\u00e9m em suas p\u00e1ginas oficiais publica\u00e7\u00f5es com conte\u00fado ofensivo e inver\u00eddico. Entre as ofensas, os advogados do governador eleito apontaram que o tucano foi chamado de \u201cmentiroso\u201d, \u201caproveitador\u201d, \u201ccr\u00e1pula\u201d, \u201ccarreirista\u201d, \u201coportunista\u201d, \u201cenganador\u201d, \u201cfanfarr\u00e3o\u201d, \u201ccorrupto\u201d e \u201cJo\u00e3o Pin\u00f3quio Doria\u201d.<\/p>\n<p>Em 2019 Camilo Crist\u00f3faro respondeu um processo criminal ap\u00f3s chamar o ent\u00e3o vereador Fernando Holiday (DEM) de &#8220;macaco&#8221; no plen\u00e1rio da C\u00e2mara Municipal de S\u00e3o Paulo<\/p>\n<p>Em Mar\u00e7o de 2022 uma cidad\u00e3o entrou com um processo criminal contra Camilo, a mulher diz ter sido xingada de &#8216;vagabunda&#8217; pelo vereador durante um ato pol\u00edtico.<\/p>\n<\/div>\n<\/div>\n<p data-track-category=\"Link no Texto\" data-track-links=\"\"><span style=\"color: #999999;\"><em>Edi\u00e7\u00e3o: Aur\u00e9lio Fid\u00eancio<br \/>\nMat\u00e9ria:\u00a0Edoardo Ghirotto e Eduardo Barretto<br \/>\nFonte: Portal Metr\u00f3poles<br \/>\n<\/em><em>Clickara\u00e7oiaba, Desde 1999 informando e promovendo Ara\u00e7oiaba da Serra.<\/em><\/span><\/p>\n<div class=\"wall protected-content\">\n<div class=\"mc-column content-text active-extra-styles\" data-block-type=\"raw\" data-block-weight=\"6\" data-block-id=\"9\">\n<div class=\"content-intertitle\">\n<h3><a href=\"https:\/\/www.clickaracoiaba.com.br\/guia\/empresa\/553\"><img loading=\"lazy\" decoding=\"async\" class=\"aligncenter size-full wp-image-7986\" src=\"https:\/\/www.clickaracoiaba.com.br\/wp-content\/uploads\/2022\/03\/fidencio_marketing_banner_noticias_clickaracoiaba.jpg\" alt=\"\" width=\"960\" height=\"320\" srcset=\"https:\/\/www.clickaracoiaba.com.br\/wp-content\/uploads\/2022\/03\/fidencio_marketing_banner_noticias_clickaracoiaba.jpg 960w, https:\/\/www.clickaracoiaba.com.br\/wp-content\/uploads\/2022\/03\/fidencio_marketing_banner_noticias_clickaracoiaba-300x100.jpg 300w, https:\/\/www.clickaracoiaba.com.br\/wp-content\/uploads\/2022\/03\/fidencio_marketing_banner_noticias_clickaracoiaba-690x230.jpg 690w, https:\/\/www.clickaracoiaba.com.br\/wp-content\/uploads\/2022\/03\/fidencio_marketing_banner_noticias_clickaracoiaba-768x256.jpg 768w\" sizes=\"auto, (max-width: 960px) 100vw, 960px\" \/><\/a><\/h3>\n<\/div>\n<\/div>\n<\/div>\n","protected":false},"excerpt":{"rendered":"<p>Camilo Crist\u00f3faro, do PSB, teve o \u00e1udio do microfone vazado durante uma CPI e foi flagrado usando a express\u00e3o racista &#8220;\u00e9 coisa de preto&#8221; O vereador Camilo Crist\u00f3faro, do PSB de S\u00e3o Paulo, usou uma express\u00e3o racista durante uma conversa privada na CPI dos Aplicativos, nesta ter\u00e7a-feira (3\/5). O \u00e1udio do microfone de Crist\u00f3faro vazou&#8230;<\/p>\n","protected":false},"author":1,"featured_media":8141,"comment_status":"open","ping_status":"open","sticky":false,"template":"","format":"standard","meta":{"magazine_newspaper_sidebar_layout":"","footnotes":""},"categories":[2],"tags":[1356],"class_list":["post-8140","post","type-post","status-publish","format-standard","has-post-thumbnail","hentry","category-brasil","tag-vereador-racista"],"_links":{"self":[{"href":"https:\/\/www.clickaracoiaba.com.br\/index.php?rest_route=\/wp\/v2\/posts\/8140","targetHints":{"allow":["GET"]}}],"collection":[{"href":"https:\/\/www.clickaracoiaba.com.br\/index.php?rest_route=\/wp\/v2\/posts"}],"about":[{"href":"https:\/\/www.clickaracoiaba.com.br\/index.php?rest_route=\/wp\/v2\/types\/post"}],"author":[{"embeddable":true,"href":"https:\/\/www.clickaracoiaba.com.br\/index.php?rest_route=\/wp\/v2\/users\/1"}],"replies":[{"embeddable":true,"href":"https:\/\/www.clickaracoiaba.com.br\/index.php?rest_route=%2Fwp%2Fv2%2Fcomments&post=8140"}],"version-history":[{"count":0,"href":"https:\/\/www.clickaracoiaba.com.br\/index.php?rest_route=\/wp\/v2\/posts\/8140\/revisions"}],"wp:featuredmedia":[{"embeddable":true,"href":"https:\/\/www.clickaracoiaba.com.br\/index.php?rest_route=\/wp\/v2\/media\/8141"}],"wp:attachment":[{"href":"https:\/\/www.clickaracoiaba.com.br\/index.php?rest_route=%2Fwp%2Fv2%2Fmedia&parent=8140"}],"wp:term":[{"taxonomy":"category","embeddable":true,"href":"https:\/\/www.clickaracoiaba.com.br\/index.php?rest_route=%2Fwp%2Fv2%2Fcategories&post=8140"},{"taxonomy":"post_tag","embeddable":true,"href":"https:\/\/www.clickaracoiaba.com.br\/index.php?rest_route=%2Fwp%2Fv2%2Ftags&post=8140"}],"curies":[{"name":"wp","href":"https:\/\/api.w.org\/{rel}","templated":true}]}}