{"id":8092,"date":"2022-04-25T17:23:00","date_gmt":"2022-04-25T20:23:00","guid":{"rendered":"https:\/\/www.clickaracoiaba.com.br\/?p=8092"},"modified":"2022-04-30T22:50:52","modified_gmt":"2022-05-01T01:50:52","slug":"nota-de-falecimento-240422","status":"publish","type":"post","link":"https:\/\/www.clickaracoiaba.com.br\/?p=8092","title":{"rendered":"Nota de Falecimento 24\/04\/22"},"content":{"rendered":"<blockquote>\n<h5>&#8220;Dos que partem ficam as saudades e as lembran\u00e7as do que passou, por isso eles nunca desaparecem totalmente. Receba nossas condol\u00eancias&#8221;<br \/>\n<span style=\"color: #999999;\"><em>Clickara\u00e7oiaba<\/em><\/span><\/h5>\n<\/blockquote>\n<p>Com profundo pesar, que comunicamos o falecimento de <b><i>Jos\u00e9 Galv\u00e3o Pinheiro<\/i><\/b>, 69 anos de idade veio a \u00f3bito dia 24\/04\/2022 no munic\u00edpio de Ara\u00e7oiaba da Serra\/ SP. Deixa a esposa Maria F\u00e1tima Paulino Pinheiro e os filhos: Diego de 35 anos, Sandro de 41 anos, S\u00e9rgio de 39 anos e Simone de 35 anos.<\/p>\n<p>O sepultamento aconteceu no Cemit\u00e9rio Municipal Central de Ara\u00e7oiaba da Serra, no dia 25\/04\/2021, \u00e0s 15:00h.<\/p>\n<p><img loading=\"lazy\" decoding=\"async\" class=\"aligncenter size-full wp-image-8093\" src=\"https:\/\/www.clickaracoiaba.com.br\/wp-content\/uploads\/2022\/04\/ze-paulino-690.jpg\" alt=\"\" width=\"690\" height=\"330\" srcset=\"https:\/\/www.clickaracoiaba.com.br\/wp-content\/uploads\/2022\/04\/ze-paulino-690.jpg 690w, https:\/\/www.clickaracoiaba.com.br\/wp-content\/uploads\/2022\/04\/ze-paulino-690-300x143.jpg 300w\" sizes=\"auto, (max-width: 690px) 100vw, 690px\" \/><\/p>\n<hr \/>\n<p><span style=\"color: #999999;\"><em>Clickara\u00e7oiaba o primeiro Portal online de Ara\u00e7oiaba da Serra<br \/>\nNo ar desde 1999.<\/em><\/span><\/p>\n<p><span style=\"color: #ffffff;\">Obitu\u00e1rio Ara\u00e7oiaba da Serra\/SP, Capela do Alto\/SP<\/span><\/p>\n","protected":false},"excerpt":{"rendered":"<p>&#8220;Dos que partem ficam as saudades e as lembran\u00e7as do que passou, por isso eles nunca desaparecem totalmente. Receba nossas condol\u00eancias&#8221; Clickara\u00e7oiaba Com profundo pesar, que comunicamos o falecimento de Jos\u00e9 Galv\u00e3o Pinheiro, 69 anos de idade veio a \u00f3bito dia 24\/04\/2022 no munic\u00edpio de Ara\u00e7oiaba da Serra\/ SP. Deixa a esposa Maria F\u00e1tima Paulino&#8230;<\/p>\n","protected":false},"author":1,"featured_media":8094,"comment_status":"open","ping_status":"open","sticky":false,"template":"","format":"standard","meta":{"magazine_newspaper_sidebar_layout":"","footnotes":""},"categories":[374],"tags":[],"class_list":["post-8092","post","type-post","status-publish","format-standard","has-post-thumbnail","hentry","category-obituario"],"_links":{"self":[{"href":"https:\/\/www.clickaracoiaba.com.br\/index.php?rest_route=\/wp\/v2\/posts\/8092","targetHints":{"allow":["GET"]}}],"collection":[{"href":"https:\/\/www.clickaracoiaba.com.br\/index.php?rest_route=\/wp\/v2\/posts"}],"about":[{"href":"https:\/\/www.clickaracoiaba.com.br\/index.php?rest_route=\/wp\/v2\/types\/post"}],"author":[{"embeddable":true,"href":"https:\/\/www.clickaracoiaba.com.br\/index.php?rest_route=\/wp\/v2\/users\/1"}],"replies":[{"embeddable":true,"href":"https:\/\/www.clickaracoiaba.com.br\/index.php?rest_route=%2Fwp%2Fv2%2Fcomments&post=8092"}],"version-history":[{"count":0,"href":"https:\/\/www.clickaracoiaba.com.br\/index.php?rest_route=\/wp\/v2\/posts\/8092\/revisions"}],"wp:featuredmedia":[{"embeddable":true,"href":"https:\/\/www.clickaracoiaba.com.br\/index.php?rest_route=\/wp\/v2\/media\/8094"}],"wp:attachment":[{"href":"https:\/\/www.clickaracoiaba.com.br\/index.php?rest_route=%2Fwp%2Fv2%2Fmedia&parent=8092"}],"wp:term":[{"taxonomy":"category","embeddable":true,"href":"https:\/\/www.clickaracoiaba.com.br\/index.php?rest_route=%2Fwp%2Fv2%2Fcategories&post=8092"},{"taxonomy":"post_tag","embeddable":true,"href":"https:\/\/www.clickaracoiaba.com.br\/index.php?rest_route=%2Fwp%2Fv2%2Ftags&post=8092"}],"curies":[{"name":"wp","href":"https:\/\/api.w.org\/{rel}","templated":true}]}}