{"id":7778,"date":"2022-02-02T13:37:17","date_gmt":"2022-02-02T16:37:17","guid":{"rendered":"https:\/\/www.clickaracoiaba.com.br\/?p=7778"},"modified":"2022-02-02T13:37:17","modified_gmt":"2022-02-02T16:37:17","slug":"volta-pra-senzala-mulher-e-vitima-de-racismo-em-viagem-de-onibus","status":"publish","type":"post","link":"https:\/\/www.clickaracoiaba.com.br\/?p=7778","title":{"rendered":"\u201cVolta pra senzala\u201d: mulher \u00e9 v\u00edtima de racismo em viagem de \u00f4nibus"},"content":{"rendered":"<h2><a href=\"https:\/\/www.clickaracoiaba.com.br\/guia\/empresa\/632\"><img loading=\"lazy\" decoding=\"async\" class=\"aligncenter size-full wp-image-7709\" src=\"https:\/\/www.clickaracoiaba.com.br\/wp-content\/uploads\/2022\/01\/bill_guincho_690.jpg\" alt=\"\" width=\"690\" height=\"122\" srcset=\"https:\/\/www.clickaracoiaba.com.br\/wp-content\/uploads\/2022\/01\/bill_guincho_690.jpg 690w, https:\/\/www.clickaracoiaba.com.br\/wp-content\/uploads\/2022\/01\/bill_guincho_690-300x53.jpg 300w\" sizes=\"auto, (max-width: 690px) 100vw, 690px\" \/><\/a><\/h2>\n<h2 class=\"m-resume-single\">Homem se nega a usar m\u00e1scara durante trajeto e ainda entrega um bilhete racista para v\u00edtima ao sair do ve\u00edculo<\/h2>\n<div>\n<p class=\"texto\">Uma mulher afirma ter sido v\u00edtima de racismo dentro de um \u00f4nibus de viagem que fazia o trajeto Porto Alegre\/RS \u2013 Curitiba\/PR, quando o ve\u00edculo chegava a S\u00e3o Jos\u00e9 dos Pinhais, na regi\u00e3o metropolitana, em dire\u00e7\u00e3o ao destino final, na rodovi\u00e1ria da capital.<\/p>\n<p>O caso aconteceu nesta ter\u00e7a-feira (1\u00ba) e a profissional de sa\u00fade Jessica Matos, de 30 anos, registrou boletim de ocorr\u00eancia na Divis\u00e3o de Homic\u00eddios e Prote\u00e7\u00e3o \u00e0 Pessoa (DHPP), na\u00a0capital\u00a0paranaense, poucas horas depois.<\/p>\n<div><\/div>\n<p>A v\u00edtima contou para a reportagem da Banda B, na manh\u00e3 desta quarta-feira (2), que, voltava para casa, na capital. Jessica viajou sozinha sem passageiro ao lado at\u00e9 Torres. Na cidade do litoral ga\u00facho, o passageiro da poltrona ao lado assumiu o assento e ele mesmo avisou que n\u00e3o iria usar a m\u00e1scara.<\/p>\n<\/div>\n<div><a href=\"https:\/\/www.clickaracoiaba.com.br\/guia\/empresa\/640\"><img loading=\"lazy\" decoding=\"async\" class=\"aligncenter size-full wp-image-7544\" src=\"https:\/\/www.clickaracoiaba.com.br\/wp-content\/uploads\/2021\/11\/gutierrez_690x122.jpg\" alt=\"\" width=\"690\" height=\"281\" srcset=\"https:\/\/www.clickaracoiaba.com.br\/wp-content\/uploads\/2021\/11\/gutierrez_690x122.jpg 690w, https:\/\/www.clickaracoiaba.com.br\/wp-content\/uploads\/2021\/11\/gutierrez_690x122-300x122.jpg 300w\" sizes=\"auto, (max-width: 690px) 100vw, 690px\" \/><\/a><\/div>\n<div>\n<p>Segundo a mulher, o homem vestiu a m\u00e1scara apenas enquanto o motorista dava orienta\u00e7\u00f5es sobre a viagem e, inclusive, sobre a obrigatoriedade do uso do acess\u00f3rio sobre o nariz e a boca dentro do transporte coletivo, como medida de seguran\u00e7a para evitar o cont\u00e1gio por Covid-19.<\/p>\n<p>\u201cQuando o motorista virava as costas, ele tirava, e assim foi durante todo o percurso da viagem. Pedi educadamente: \u2018Senhor, por gentileza, coloque a m\u00e1scara. Estou sentada ao lado do senhor, do outro lado tem m\u00e3e com crian\u00e7a. E aqui tem que colocar a m\u00e1scara. E ele come\u00e7ou com ignor\u00e2ncia\u201d, relatou.<\/p>\n<p>Em determinado momento, o homem tossiu e foi repreendido novamente. \u201cSou profissional da \u00e1rea da sa\u00fade, entendo perfeitamente como ocorre o cont\u00e1gio. Ele ignorou, disse que n\u00e3o iria direcionar a palavra a mim e que era para eu calar a boca, que n\u00e3o iria usar a m\u00e1scara. Ele deixava a m\u00e1scara no queixo e dizia que dentro do \u00f4nibus n\u00e3o precisava.\u201d<\/p>\n<p>Quando o \u00f4nibus estava quase chegando no Paran\u00e1, alguns passageiros desceram e Jessica conseguiu trocar de poltrona. Antes de desembarcar em S\u00e3o Jos\u00e9 dos Pinhais, na \u00faltima parada antes da rodovi\u00e1ria de Curitiba, o homem se dirigiu at\u00e9 a poltrona que Jessica ocupava, a abordou, entregou um bilhete e desceu do ve\u00edculo.<\/p>\n<blockquote class=\"wp-block-quote\"><p>\u201cQuando ele estava desembarcando, eu estava dormindo. Ele tocou no meu ombro e disse: \u2018Oh, mo\u00e7a!\u2019. E me entregou o bilhete. Na hora, eu n\u00e3o entendi direito. Demorei ainda pra ler. E, quando olhei pra tr\u00e1s, ele desceu rindo de mim\u201d,<\/p>\n<p><cite>revelou.<\/cite><\/p><\/blockquote>\n<p>O peda\u00e7o de papel, escrito a caneta dos dois lados, trazia na frente os dizeres:<\/p>\n<div>\u00a0<em>\u201cCuidado, o covid pega \u00e9 em pessoas ignorante energ\u00famena, como voc\u00ea! Voc\u00ea faz parte da massa de manobra rid\u00edcula!<\/em><\/div>\n<p>Nas costas a frase:\u00a0<em>\u201cVolta pra senzala\u201d<\/em><\/p>\n<p><a href=\"http:\/\/www.clickaracoiaba.com.br\/guia\/empresa\/588\"><img loading=\"lazy\" decoding=\"async\" class=\"aligncenter size-full wp-image-6959\" src=\"https:\/\/www.clickaracoiaba.com.br\/wp-content\/uploads\/2021\/08\/caom_690.jpg\" alt=\"\" width=\"690\" height=\"122\" srcset=\"https:\/\/www.clickaracoiaba.com.br\/wp-content\/uploads\/2021\/08\/caom_690.jpg 690w, https:\/\/www.clickaracoiaba.com.br\/wp-content\/uploads\/2021\/08\/caom_690-300x53.jpg 300w\" sizes=\"auto, (max-width: 690px) 100vw, 690px\" \/><\/a><\/div>\n<div>\n<h2 id=\"h-primeira-vez-que-sofreu-racismo\">Primeira vez que sofreu racismo<\/h2>\n<p>Jessica disse que ficou bastante assustada e em choque, e que achou que, pelo fato de ter mudado de poltrona e n\u00e3o ter mais falado com o passageiro, o assunto estaria encerrado.<\/p>\n<blockquote class=\"wp-block-quote\"><p>\u201cMas n\u00e3o, ele foi l\u00e1 e provocou. E ainda quis mostrar que \u00e9 racista. Acho que minha presen\u00e7a incomodou demais, pelo simples fato de eu exigir que ele usasse a m\u00e1scara, porque a transmiss\u00e3o do v\u00edrus estava aumentando.\u201d<\/p><\/blockquote>\n<p>Para a reportagem, ela revelou que esta foi a primeira vez na vida passou por esse tipo de situa\u00e7\u00e3o.<\/p>\n<p>\u201cDepois que \u2018caiu a ficha\u2019, eu chorei. Fiquei bem assustada. Sou negra, de origem negra e, durante meus 30 anos, nunca havia acontecido uma situa\u00e7\u00e3o dessa\u201d, disse.<\/p>\n<p>A pol\u00edcia est\u00e1 investigando o caso e segue em busca do criminoso.<\/p>\n<\/div>\n<p><span style=\"color: #999999;\"><em>Edi\u00e7\u00e3o: Aur\u00e9lio Fid\u00eancio<br \/>\nMat\u00e9ria:\u00a0Carol Nery e Rafael Torquato<br \/>\n<\/em><\/span><span style=\"color: #999999;\"><em>Fonte: Banda B<br \/>\nClickara\u00e7oiaba, Desde 1999 informando e promovendo Ara\u00e7oiaba da Serra.<br \/>\n<\/em><\/span><em><span style=\"color: #999999;\">\u00a0<\/span><\/em><\/p>\n<h3><em>ASSISTA NOSSOS \u00daLTIMOS V\u00cdDEOS<\/em><\/h3>\n<figure id=\"attachment_7354\" aria-describedby=\"caption-attachment-7354\" style=\"width: 690px\" class=\"wp-caption aligncenter\"><a href=\"https:\/\/www.youtube.com\/clickaracoiaba\/?sub_confirmation=1\" target=\"_blank\" rel=\"noopener\"><img loading=\"lazy\" decoding=\"async\" class=\"wp-image-7354 size-full\" src=\"https:\/\/www.clickaracoiaba.com.br\/wp-content\/uploads\/2021\/10\/youtube.jpg\" alt=\"Para assistir o v\u00eddeo click no link [INSCREVER-SE]\" width=\"690\" height=\"326\" srcset=\"https:\/\/www.clickaracoiaba.com.br\/wp-content\/uploads\/2021\/10\/youtube.jpg 690w, https:\/\/www.clickaracoiaba.com.br\/wp-content\/uploads\/2021\/10\/youtube-300x142.jpg 300w\" sizes=\"auto, (max-width: 690px) 100vw, 690px\" \/><\/a><figcaption id=\"caption-attachment-7354\" class=\"wp-caption-text\"><em>Para assistir o v\u00eddeo click no link [INSCREVER-SE]<\/em><\/figcaption><\/figure>\n","protected":false},"excerpt":{"rendered":"<p>Homem se nega a usar m\u00e1scara durante trajeto e ainda entrega um bilhete racista para v\u00edtima ao sair do ve\u00edculo Uma mulher afirma ter sido v\u00edtima de racismo dentro de um \u00f4nibus de viagem que fazia o trajeto Porto Alegre\/RS \u2013 Curitiba\/PR, quando o ve\u00edculo chegava a S\u00e3o Jos\u00e9 dos Pinhais, na regi\u00e3o metropolitana, em&#8230;<\/p>\n","protected":false},"author":1,"featured_media":7779,"comment_status":"open","ping_status":"open","sticky":false,"template":"","format":"standard","meta":{"magazine_newspaper_sidebar_layout":"","footnotes":""},"categories":[2],"tags":[],"class_list":["post-7778","post","type-post","status-publish","format-standard","has-post-thumbnail","hentry","category-brasil"],"_links":{"self":[{"href":"https:\/\/www.clickaracoiaba.com.br\/index.php?rest_route=\/wp\/v2\/posts\/7778","targetHints":{"allow":["GET"]}}],"collection":[{"href":"https:\/\/www.clickaracoiaba.com.br\/index.php?rest_route=\/wp\/v2\/posts"}],"about":[{"href":"https:\/\/www.clickaracoiaba.com.br\/index.php?rest_route=\/wp\/v2\/types\/post"}],"author":[{"embeddable":true,"href":"https:\/\/www.clickaracoiaba.com.br\/index.php?rest_route=\/wp\/v2\/users\/1"}],"replies":[{"embeddable":true,"href":"https:\/\/www.clickaracoiaba.com.br\/index.php?rest_route=%2Fwp%2Fv2%2Fcomments&post=7778"}],"version-history":[{"count":0,"href":"https:\/\/www.clickaracoiaba.com.br\/index.php?rest_route=\/wp\/v2\/posts\/7778\/revisions"}],"wp:featuredmedia":[{"embeddable":true,"href":"https:\/\/www.clickaracoiaba.com.br\/index.php?rest_route=\/wp\/v2\/media\/7779"}],"wp:attachment":[{"href":"https:\/\/www.clickaracoiaba.com.br\/index.php?rest_route=%2Fwp%2Fv2%2Fmedia&parent=7778"}],"wp:term":[{"taxonomy":"category","embeddable":true,"href":"https:\/\/www.clickaracoiaba.com.br\/index.php?rest_route=%2Fwp%2Fv2%2Fcategories&post=7778"},{"taxonomy":"post_tag","embeddable":true,"href":"https:\/\/www.clickaracoiaba.com.br\/index.php?rest_route=%2Fwp%2Fv2%2Ftags&post=7778"}],"curies":[{"name":"wp","href":"https:\/\/api.w.org\/{rel}","templated":true}]}}