{"id":7653,"date":"2021-12-17T23:49:33","date_gmt":"2021-12-18T02:49:33","guid":{"rendered":"https:\/\/www.clickaracoiaba.com.br\/?p=7653"},"modified":"2021-12-17T23:49:33","modified_gmt":"2021-12-18T02:49:33","slug":"omicron-g7-fala-em-maior-ameaca-a-saude-publica","status":"publish","type":"post","link":"https:\/\/www.clickaracoiaba.com.br\/?p=7653","title":{"rendered":"\u00d4micron: G7 fala em &#8220;maior amea\u00e7a \u00e0 sa\u00fade p\u00fablica&#8221;"},"content":{"rendered":"<h3><a href=\"https:\/\/www.clickaracoiaba.com.br\/?page_id=7316\"><img loading=\"lazy\" decoding=\"async\" class=\"aligncenter size-full wp-image-7319\" src=\"https:\/\/www.clickaracoiaba.com.br\/wp-content\/uploads\/2021\/10\/banner_guia_clickaracoiaba_690x148.jpg\" alt=\"\" width=\"690\" height=\"148\" srcset=\"https:\/\/www.clickaracoiaba.com.br\/wp-content\/uploads\/2021\/10\/banner_guia_clickaracoiaba_690x148.jpg 690w, https:\/\/www.clickaracoiaba.com.br\/wp-content\/uploads\/2021\/10\/banner_guia_clickaracoiaba_690x148-300x64.jpg 300w\" sizes=\"auto, (max-width: 690px) 100vw, 690px\" \/><\/a><\/h3>\n<h3>Os ministros da Sa\u00fade do G7 &#8211; grupo dos pa\u00edses mais industrializados do mundo &#8211; pediram\u00a0coopera\u00e7\u00e3o diante da\u00a0variante \u00d4micron do SARS-CoV-2, que consideram ser &#8220;a maior amea\u00e7a atual \u00e0 sa\u00fade p\u00fablica mundial&#8221;.<img decoding=\"async\" src=\"https:\/\/agenciabrasil.ebc.com.br\/ebc.png?id=1432622&amp;o=node\" \/><img decoding=\"async\" src=\"https:\/\/agenciabrasil.ebc.com.br\/ebc.gif?id=1432622&amp;o=node\" \/><\/h3>\n<p>No final da \u00faltima reuni\u00e3o durante a presid\u00eancia brit\u00e2nica do G7, os ministros da Alemanha, do Canad\u00e1, dos EUA, da Fran\u00e7a, It\u00e1lia, do Jap\u00e3o e Reino Unido declararam-se \u201cprofundamente preocupados pelo aumento do n\u00famero de casos\u201d da nova variante.<\/p>\n<p>Em comunicado, consideraram \u201cmais importante do que nunca cooperar estreitamente\u201d, bem como \u201cvigiar\u00a0 e\u00a0partilhar informa\u00e7\u00e3o\u201d. Em rela\u00e7\u00e3o \u00e0s vacinas, insistiram na import\u00e2ncia das \u201ccampanhas de mobiliza\u00e7\u00e3o\u201d.<\/p>\n<p>Os ministros \u201creiteraram o compromisso\u201d de\u00a0\u201clutar contra a pandemia em curso e construir defesas para o futuro\u201d.<\/p>\n<p>Lembrando que o fato de \u201ctrabalhar em conjunto \u00e9 crucial face \u00e0 onda\u00a0de \u00d4micron que cresce rapidamente\u201d, insistiram na import\u00e2ncia de \u201cum acesso equitativo aos diagn\u00f3sticos, \u00e0 sequencia\u00e7\u00e3o gen\u00e9tica\u201d, bem como \u00e0s vacinas e aos tratamentos.<\/p>\n<h4>Biden alerta<\/h4>\n<p>O presidente norte-americano, Joe Biden, alertou para um \u201cinverno de doen\u00e7as graves e mortais\u201d para os n\u00e3o vacinados. Em muitos estados, os sistemas de sa\u00fade est\u00e3o sob forte press\u00e3o devido ao aumento de infec\u00e7\u00f5es pela\u00a0variante Delta durante o feriado de A\u00e7\u00e3o de Gra\u00e7as. Os casos de \u00d4micron tamb\u00e9m est\u00e3o aumentando.<\/p>\n<p>\u201cPara os n\u00e3o vacinados, estamos diante de um inverno de doen\u00e7as graves e mortais. A \u00fanica prote\u00e7\u00e3o real \u00e9 receber a vacina\u201d, afirmou Biden.<\/p>\n<p>A variante \u00d3micron foi respons\u00e1vel por quase 3%\u00a0dos casos de covid-19 no s\u00e1bado passado (11)\u00a0\u00a0\u2013 diante de\u00a00,4% na semana anterior, segundo dados do Centro de Controle e Preven\u00e7\u00e3o de Doen\u00e7as (CDC). Com base na experi\u00eancia de outros pa\u00edses, o \u00edndice\u00a0deve continuar a crescer e pode tornar-se dominante nas pr\u00f3ximas semanas.<\/p>\n<p>\u201cSuspeito que os n\u00fameros v\u00e3o disparar dramaticamente nas pr\u00f3ximas semanas\u201d, afirmou C\u00e9line Gounder, especialista em doen\u00e7as infeciosas e epidemiologista da Universidade de Nova Iorque e do Hospital de Bellevue.<\/p>\n<p>C\u00e9line espera que a onda\u00a0da\u00a0variante \u00d4micron atinja o pico em janeiro e caia\u00a0durante o m\u00eas de fevereiro.<\/p>\n<p>Em reuni\u00e3o com l\u00edderes estaduais, na ter\u00e7a-feira (14), o CDC apresentou dois cen\u00e1rios, com base em modelos, de como a nova variante pode levar a infec\u00e7\u00f5es nas pr\u00f3ximas semanas e meses.\u00a0Os casos de \u00d4micron e Delta podem atingir o pico em janeiro.<\/p>\n<p>Para a especialista, n\u00e3o est\u00e1 claro qual a variante do SARS-CoV-2 (Delta ou \u00d4micron) dominar\u00e1 nos pr\u00f3ximos meses ou se coexistir\u00e3o. Independentemente disso, \u201cprevemos um aumento das hospitaliza\u00e7\u00f5es e no sistema de sa\u00fade nos pr\u00f3ximos meses\u201d.<\/p>\n<p><a href=\"http:\/\/www.clickaracoiaba.com.br\/guia\/empresa\/584\/\"><img loading=\"lazy\" decoding=\"async\" class=\"aligncenter size-full wp-image-7352\" src=\"https:\/\/www.clickaracoiaba.com.br\/wp-content\/uploads\/2021\/10\/chaveiro_campolargo_690x122.jpg\" alt=\"\" width=\"690\" height=\"122\" srcset=\"https:\/\/www.clickaracoiaba.com.br\/wp-content\/uploads\/2021\/10\/chaveiro_campolargo_690x122.jpg 690w, https:\/\/www.clickaracoiaba.com.br\/wp-content\/uploads\/2021\/10\/chaveiro_campolargo_690x122-300x53.jpg 300w\" sizes=\"auto, (max-width: 690px) 100vw, 690px\" \/><\/a><\/p>\n<h4>Estados Unidos<\/h4>\n<p>Os Estados Unidos j\u00e1 ultrapassaram os 800 mil \u00f3bitos por SARS-CoV-2.<\/p>\n<p>O pa\u00eds\u00a0j\u00e1 enfrentava uma onda da Delta, que come\u00e7ou antes do feriado de A\u00e7\u00e3o de Gra\u00e7as, e as autoridades temem que as viagens e reuni\u00f5es durante o Natal e ano-novo possam adicionar crescimento explosivo a uma situa\u00e7\u00e3o j\u00e1 tensa.<\/p>\n<p>Em todo o pa\u00eds, as escolas registram\u00a0aumento de casos e algumas est\u00e3o fechando mais cedo ou reduzindo\u00a0as aulas presenciais. Em Nova Iorque, a Universidade Cornell notificou\u00a0903 casos entre estudantes em uma semana \u2013 muitos deles com a variante \u00d4micron e em pessoas com a vacina\u00e7\u00e3o completa.<\/p>\n<h4>Testes<\/h4>\n<p>Em v\u00e1rios estados, os hospitais est\u00e3o pr\u00f3ximos da lota\u00e7\u00e3o. \u201cOs sistemas de sa\u00fade necessitam de um plano para o prov\u00e1vel\u00a0aumento de hospitaliza\u00e7\u00f5es nas pr\u00f3ximas semanas\u201d, acrescentou C\u00e9line Gounder. A especialista em doen\u00e7as infecciosas defende que as autoridades de sa\u00fade p\u00fablica aumentem\u00a0a testagem e a vigil\u00e2ncia em todo o pa\u00eds.<\/p>\n<p>Alguns dos fundos do American Rescue Plan podem ser usados em\u00a0n\u00edvel estadual e local para a compra de testes, algo que os estados de Massachusetts e Colorado j\u00e1 est\u00e3o fazendo. \u201cCom a \u00d4micron, os testes frequentes podem ser mais importantes do que eram com as variantes anteriores\u201d, destacou\u00a0C\u00e9line.<\/p>\n<p>\u201cA \u00d4micron tem per\u00edodo de incuba\u00e7\u00e3o mais curto, de dois a tr\u00eas dias. Se quisermos detectar\u00a0a maioria dessas infec\u00e7\u00f5es e fazer algo para combater o cont\u00e1gio, temos de fazer um teste todos os dias\u201d, disse.<\/p>\n<p>A especialista explicou ainda que\u00a0entre 15% e\u00a030% dos testes positivos devem ser sequenciados para perceber qual a variante que\u00a0est\u00e1 se\u00a0espalhando\u00a0pelo pa\u00eds. \u201cAumentamos drasticamente o n\u00famero de testes realizados, mas n\u00e3o estamos onde precisamos estar. A vigil\u00e2ncia das \u00e1guas residuais tamb\u00e9m pode ser uma ferramenta \u00fatil para conter o\u00a0que est\u00e1 a vir e com\u00a0rapidez\u201d.<\/p>\n<p>Nas \u00e1reas\u00a0de Nova York\u00a0e Nova J\u00e9rsey, por exemplo, a \u00d4micron est\u00e1 presente em 13% dos casos.<\/p>\n<p>O plano nacional de Biden para lidar com a variante \u00d4micron exclui restri\u00e7\u00f5es e pedidos de perman\u00eancia em casa. A\u00a0maioria dos estados viu seus poderes de sa\u00fade local significativamente restringidos durante a pandemia, tornando mais dif\u00edcil adotar\u00a0medidas de emerg\u00eancia para retardar a propaga\u00e7\u00e3o do SARS-CoV-2.<\/p>\n<p>Intensificar a vacina\u00e7\u00e3o, incluindo a primeira dose e doses de refor\u00e7o, tamb\u00e9m ser\u00e1 importante para combater as ondas\u00a0atuais. C\u00e9liner defende que \u201disso exigir\u00e1 uma campanha planejada para educar o p\u00fablico sobre o que \u00e9 importante &#8211;\u00a0por exemplo, vacinar crian\u00e7as\u201d.<\/p>\n<p><img loading=\"lazy\" decoding=\"async\" class=\"aligncenter wp-image-5982 size-full\" src=\"https:\/\/www.clickaracoiaba.com.br\/wp-content\/uploads\/2020\/07\/jjmarmores-e-granitos-690.jpg\" alt=\"\" width=\"690\" height=\"122\" srcset=\"https:\/\/www.clickaracoiaba.com.br\/wp-content\/uploads\/2020\/07\/jjmarmores-e-granitos-690.jpg 690w, https:\/\/www.clickaracoiaba.com.br\/wp-content\/uploads\/2020\/07\/jjmarmores-e-granitos-690-300x53.jpg 300w\" sizes=\"auto, (max-width: 690px) 100vw, 690px\" \/><\/p>\n<p>Melhorar a ventila\u00e7\u00e3o e a filtragem do ar tamb\u00e9m \u00e9 importante, assim como usar m\u00e1scaras de qualidade.<\/p>\n<p>A especialista considera que ainda \u00e9 muito cedo para dizer se a \u00d4micron \u00e9\u00a0mais ou menos letal do que as variantes anteriores. \u201cA virul\u00eancia [capacidade de um microrganismo patog\u00eanico se multiplicar no organismo e provocar doen\u00e7a] depende da idade da pessoa, bem como de outros dados demogr\u00e1ficos, mas a idade \u00e9 provavelmente a mais importante\u201d.<\/p>\n<p>As evid\u00eancias dispon\u00edveis indicam que a \u00d4micron \u00e9 mais transmiss\u00edvel e evasiva do sistema imunol\u00f3gico, tornando a infec\u00e7\u00e3o mais prov\u00e1vel entre os que foram vacinados ou se recuperaram da doen\u00e7a.<\/p>\n<p>Entretanto, um painel de consultores externos do CDC recomendou o direcionamento \u00e0s vacinas de mRNA para a prote\u00e7\u00e3o contra a covid-19 \u2013 ou seja, as vacinas da Pfizer\/BioNTech ou Moderna \u2013 em prefer\u00eancia \u00e0 da Johnson &amp; Johnson, devido a riscos de coagula\u00e7\u00e3o do sangue. O regulador ainda precisa aprovar essa orienta\u00e7\u00e3o.<\/p>\n<div class=\"mc-column content-text active-extra-styles \" data-block-type=\"unstyled\" data-block-weight=\"59\" data-block-id=\"2\">\n<p class=\"texto\">\u00a0<em style=\"font-size: 14px;\"><span style=\"color: #999999;\">Edi\u00e7\u00e3o: Aur\u00e9lio Fid\u00eancio<br \/>\n<\/span><\/em><em style=\"font-size: 14px;\"><span style=\"color: #999999;\">Clickara\u00e7oiaba; Desde 1999 informando Ara\u00e7oiaba da Serra com a verdade.<\/span><\/em><\/p>\n<\/div>\n","protected":false},"excerpt":{"rendered":"<p>Os ministros da Sa\u00fade do G7 &#8211; grupo dos pa\u00edses mais industrializados do mundo &#8211; pediram\u00a0coopera\u00e7\u00e3o diante da\u00a0variante \u00d4micron do SARS-CoV-2, que consideram ser &#8220;a maior amea\u00e7a atual \u00e0 sa\u00fade p\u00fablica mundial&#8221;. No final da \u00faltima reuni\u00e3o durante a presid\u00eancia brit\u00e2nica do G7, os ministros da Alemanha, do Canad\u00e1, dos EUA, da Fran\u00e7a, It\u00e1lia, do&#8230;<\/p>\n","protected":false},"author":1,"featured_media":7654,"comment_status":"open","ping_status":"open","sticky":false,"template":"","format":"standard","meta":{"magazine_newspaper_sidebar_layout":"","footnotes":""},"categories":[3],"tags":[939],"class_list":["post-7653","post","type-post","status-publish","format-standard","has-post-thumbnail","hentry","category-pandemia","tag-covid-21"],"_links":{"self":[{"href":"https:\/\/www.clickaracoiaba.com.br\/index.php?rest_route=\/wp\/v2\/posts\/7653","targetHints":{"allow":["GET"]}}],"collection":[{"href":"https:\/\/www.clickaracoiaba.com.br\/index.php?rest_route=\/wp\/v2\/posts"}],"about":[{"href":"https:\/\/www.clickaracoiaba.com.br\/index.php?rest_route=\/wp\/v2\/types\/post"}],"author":[{"embeddable":true,"href":"https:\/\/www.clickaracoiaba.com.br\/index.php?rest_route=\/wp\/v2\/users\/1"}],"replies":[{"embeddable":true,"href":"https:\/\/www.clickaracoiaba.com.br\/index.php?rest_route=%2Fwp%2Fv2%2Fcomments&post=7653"}],"version-history":[{"count":0,"href":"https:\/\/www.clickaracoiaba.com.br\/index.php?rest_route=\/wp\/v2\/posts\/7653\/revisions"}],"wp:featuredmedia":[{"embeddable":true,"href":"https:\/\/www.clickaracoiaba.com.br\/index.php?rest_route=\/wp\/v2\/media\/7654"}],"wp:attachment":[{"href":"https:\/\/www.clickaracoiaba.com.br\/index.php?rest_route=%2Fwp%2Fv2%2Fmedia&parent=7653"}],"wp:term":[{"taxonomy":"category","embeddable":true,"href":"https:\/\/www.clickaracoiaba.com.br\/index.php?rest_route=%2Fwp%2Fv2%2Fcategories&post=7653"},{"taxonomy":"post_tag","embeddable":true,"href":"https:\/\/www.clickaracoiaba.com.br\/index.php?rest_route=%2Fwp%2Fv2%2Ftags&post=7653"}],"curies":[{"name":"wp","href":"https:\/\/api.w.org\/{rel}","templated":true}]}}