{"id":7419,"date":"2021-11-05T06:28:27","date_gmt":"2021-11-05T09:28:27","guid":{"rendered":"https:\/\/www.clickaracoiaba.com.br\/?p=7419"},"modified":"2021-11-04T22:40:21","modified_gmt":"2021-11-05T01:40:21","slug":"brasiltrf-1-autoriza-quebra-de-sigilo-de-advogado-de-adelio-bispo-autor-de-facada-contra-bolsonaro","status":"publish","type":"post","link":"https:\/\/www.clickaracoiaba.com.br\/?p=7419","title":{"rendered":"TRF-1 autoriza quebra de sigilo de advogado de Ad\u00e9lio Bispo, autor de facada contra Bolsonaro"},"content":{"rendered":"<p><a href=\"https:\/\/www.clickaracoiaba.com.br\/?page_id=7316\"><img loading=\"lazy\" decoding=\"async\" class=\"aligncenter size-full wp-image-7319\" src=\"https:\/\/www.clickaracoiaba.com.br\/wp-content\/uploads\/2021\/10\/banner_guia_clickaracoiaba_690x148.jpg\" alt=\"\" width=\"690\" height=\"148\" srcset=\"https:\/\/www.clickaracoiaba.com.br\/wp-content\/uploads\/2021\/10\/banner_guia_clickaracoiaba_690x148.jpg 690w, https:\/\/www.clickaracoiaba.com.br\/wp-content\/uploads\/2021\/10\/banner_guia_clickaracoiaba_690x148-300x64.jpg 300w\" sizes=\"auto, (max-width: 690px) 100vw, 690px\" \/><\/a><\/p>\n<h3 class=\"new-content-sub-title\">QUEM PAGOU O ADVOGADO DO HOMEM QUE TENTOU MATAR BOLSONARO? A CASA DE ALGU\u00c9M VAI CAIR<\/h3>\n<div class=\"mc-column content-text active-extra-styles active-capital-letter\" data-block-type=\"unstyled\" data-block-weight=\"31\" data-block-id=\"1\">\n<p>O TRF-1 (Tribunal Regional Federal da 1\u00aa Regi\u00e3o) tomou nesta quarta-feira (3) uma decis\u00e3o que pode reabrir a investiga\u00e7\u00e3o sobre a facada no presidente Jair Bolsonaro (sem partido) em 2018. Em julgamento da segunda se\u00e7\u00e3o do tribunal, os ministros autorizaram quebras de sigilo e apreens\u00f5es contra o advogado de Ad\u00e9lio Bispo, autor do atentado. As medidas estavam suspensas desde 2019.<\/p>\n<p>Ainda em 2018, a Justi\u00e7a Federal em Juiz de Fora (MG), local do crime, havia permitido a quebra de sigilo banc\u00e1rio, a apreens\u00e3o do celular e de outros documentos de Zanone Manuel de Oliveira J\u00fanior, principal advogado de Ad\u00e9lio. A PF (Pol\u00edcia Federal) apreendeu os materiais em dezembro daquele ano, mas eles n\u00e3o chegaram a ser usados na investiga\u00e7\u00e3o.<\/p>\n<\/div>\n<p><a href=\"http:\/\/www.marmorariaemaracoiabadaserra.com.br\" target=\"_blank\" rel=\"noopener\"><img loading=\"lazy\" decoding=\"async\" class=\"aligncenter wp-image-5982 size-full\" src=\"https:\/\/www.clickaracoiaba.com.br\/wp-content\/uploads\/2020\/07\/jjmarmores-e-granitos-690.jpg\" alt=\"\" width=\"690\" height=\"122\" srcset=\"https:\/\/www.clickaracoiaba.com.br\/wp-content\/uploads\/2020\/07\/jjmarmores-e-granitos-690.jpg 690w, https:\/\/www.clickaracoiaba.com.br\/wp-content\/uploads\/2020\/07\/jjmarmores-e-granitos-690-300x53.jpg 300w\" sizes=\"auto, (max-width: 690px) 100vw, 690px\" \/><\/a><\/p>\n<p>A suspens\u00e3o das quebras de sigilo e apreens\u00f5es havia sido determinada pelo pr\u00f3prio TRF-1, por decis\u00e3o do relator do caso, desembargador N\u00e9viton Guedes.<\/p>\n<p>A OAB (Ordem dos Advogados do Brasil), autora do pedido contra as medidas, argumentava que elas violariam o sigilo profissional do advogado e que ele n\u00e3o era investigado pela tentativa de homic\u00eddio. Hoje, por\u00e9m, a decis\u00e3o de primeira inst\u00e2ncia foi restabelecida pelo TRF-1.<\/p>\n<p><a href=\"http:\/\/www.clickaracoiaba.com.br\/guia\/empresa\/640\"><img loading=\"lazy\" decoding=\"async\" class=\"aligncenter size-full wp-image-7308\" src=\"https:\/\/www.clickaracoiaba.com.br\/wp-content\/uploads\/2021\/10\/gutierrez_690x122.jpg\" alt=\"\" width=\"690\" height=\"122\" \/><\/a><\/p>\n<p>Zanone Manuel foi procurado, mas n\u00e3o se manifestou. J\u00e1 o advogado Pedro Augusto de Lima Felipe e Possa, que tamb\u00e9m atua na defesa de Ad\u00e9lio, afirmou que n\u00e3o v\u00ea motivos para a reabertura do caso.<\/p>\n<p>&#8220;N\u00f3s cremos na seriedade e compet\u00eancia da Pol\u00edcia Federal e temos a certeza de que n\u00e3o h\u00e1 uma prova sequer para reabertura do caso, sobretudo por nada existir que embase isto&#8221;, afirmou.<\/p>\n<p><span style=\"color: #999999;\"><em>Edi\u00e7\u00e3o: Aur\u00e9lio Fid\u00eancio<br \/>\nMat\u00e9ria:\u00a0Rafael Neves<br \/>\n<\/em><\/span><span style=\"color: #999999;\"><em><span style=\"color: #999999;\">Fonte: Folhapress<\/span><br \/>\n<\/em><\/span><em><span style=\"color: #999999;\">\u00a0<\/span><\/em><\/p>\n<h3><em>ASSISTA NOSSOS \u00daLTIMOS V\u00cdDEOS<\/em><\/h3>\n<figure id=\"attachment_7354\" aria-describedby=\"caption-attachment-7354\" style=\"width: 690px\" class=\"wp-caption aligncenter\"><a href=\"https:\/\/www.youtube.com\/clickaracoiaba\/?sub_confirmation=1\" target=\"_blank\" rel=\"noopener\"><img loading=\"lazy\" decoding=\"async\" class=\"wp-image-7354 size-full\" src=\"https:\/\/www.clickaracoiaba.com.br\/wp-content\/uploads\/2021\/10\/youtube.jpg\" alt=\"Para assistir o v\u00eddeo click no link [INSCREVER-SE]\" width=\"690\" height=\"326\" srcset=\"https:\/\/www.clickaracoiaba.com.br\/wp-content\/uploads\/2021\/10\/youtube.jpg 690w, https:\/\/www.clickaracoiaba.com.br\/wp-content\/uploads\/2021\/10\/youtube-300x142.jpg 300w\" sizes=\"auto, (max-width: 690px) 100vw, 690px\" \/><\/a><figcaption id=\"caption-attachment-7354\" class=\"wp-caption-text\"><em>Para assistir o v\u00eddeo click no link [INSCREVER-SE]<\/em><\/figcaption><\/figure>\n","protected":false},"excerpt":{"rendered":"<p>QUEM PAGOU O ADVOGADO DO HOMEM QUE TENTOU MATAR BOLSONARO? A CASA DE ALGU\u00c9M VAI CAIR O TRF-1 (Tribunal Regional Federal da 1\u00aa Regi\u00e3o) tomou nesta quarta-feira (3) uma decis\u00e3o que pode reabrir a investiga\u00e7\u00e3o sobre a facada no presidente Jair Bolsonaro (sem partido) em 2018. Em julgamento da segunda se\u00e7\u00e3o do tribunal, os ministros&#8230;<\/p>\n","protected":false},"author":1,"featured_media":7421,"comment_status":"open","ping_status":"open","sticky":false,"template":"","format":"standard","meta":{"magazine_newspaper_sidebar_layout":"","footnotes":""},"categories":[2,9],"tags":[1196,1197,1198],"class_list":["post-7419","post","type-post","status-publish","format-standard","has-post-thumbnail","hentry","category-brasil","category-politica","tag-quem-mandou-esfaquear-bolsonaro","tag-quem-mandou-esfaquear-jair-bolsonaro","tag-quem-pagou-o-advogado-do-homem-que-tentou-matar-bolsonaro"],"_links":{"self":[{"href":"https:\/\/www.clickaracoiaba.com.br\/index.php?rest_route=\/wp\/v2\/posts\/7419","targetHints":{"allow":["GET"]}}],"collection":[{"href":"https:\/\/www.clickaracoiaba.com.br\/index.php?rest_route=\/wp\/v2\/posts"}],"about":[{"href":"https:\/\/www.clickaracoiaba.com.br\/index.php?rest_route=\/wp\/v2\/types\/post"}],"author":[{"embeddable":true,"href":"https:\/\/www.clickaracoiaba.com.br\/index.php?rest_route=\/wp\/v2\/users\/1"}],"replies":[{"embeddable":true,"href":"https:\/\/www.clickaracoiaba.com.br\/index.php?rest_route=%2Fwp%2Fv2%2Fcomments&post=7419"}],"version-history":[{"count":0,"href":"https:\/\/www.clickaracoiaba.com.br\/index.php?rest_route=\/wp\/v2\/posts\/7419\/revisions"}],"wp:featuredmedia":[{"embeddable":true,"href":"https:\/\/www.clickaracoiaba.com.br\/index.php?rest_route=\/wp\/v2\/media\/7421"}],"wp:attachment":[{"href":"https:\/\/www.clickaracoiaba.com.br\/index.php?rest_route=%2Fwp%2Fv2%2Fmedia&parent=7419"}],"wp:term":[{"taxonomy":"category","embeddable":true,"href":"https:\/\/www.clickaracoiaba.com.br\/index.php?rest_route=%2Fwp%2Fv2%2Fcategories&post=7419"},{"taxonomy":"post_tag","embeddable":true,"href":"https:\/\/www.clickaracoiaba.com.br\/index.php?rest_route=%2Fwp%2Fv2%2Ftags&post=7419"}],"curies":[{"name":"wp","href":"https:\/\/api.w.org\/{rel}","templated":true}]}}