{"id":7394,"date":"2021-11-03T12:28:36","date_gmt":"2021-11-03T15:28:36","guid":{"rendered":"https:\/\/www.clickaracoiaba.com.br\/?p=7394"},"modified":"2021-11-03T10:28:18","modified_gmt":"2021-11-03T13:28:18","slug":"exigencia-de-inscricao-na-oab-para-defensor-e-inconstitucional-decide-stf","status":"publish","type":"post","link":"https:\/\/www.clickaracoiaba.com.br\/?p=7394","title":{"rendered":"Exig\u00eancia de inscri\u00e7\u00e3o na OAB para defensor \u00e9 inconstitucional, decide STF"},"content":{"rendered":"<p><a href=\"https:\/\/www.clickaracoiaba.com.br\/?page_id=7316\"><img loading=\"lazy\" decoding=\"async\" class=\"aligncenter size-full wp-image-7319\" src=\"https:\/\/www.clickaracoiaba.com.br\/wp-content\/uploads\/2021\/10\/banner_guia_clickaracoiaba_690x148.jpg\" alt=\"\" width=\"690\" height=\"148\" srcset=\"https:\/\/www.clickaracoiaba.com.br\/wp-content\/uploads\/2021\/10\/banner_guia_clickaracoiaba_690x148.jpg 690w, https:\/\/www.clickaracoiaba.com.br\/wp-content\/uploads\/2021\/10\/banner_guia_clickaracoiaba_690x148-300x64.jpg 300w\" sizes=\"auto, (max-width: 690px) 100vw, 690px\" \/><\/a><\/p>\n<h3 class=\"new-content-sub-title\">Segundo o STF, membros da Defensoria n\u00e3o precisam de inscri\u00e7\u00e3o na OAB<\/h3>\n<div class=\"mc-column content-text active-extra-styles active-capital-letter\" data-block-type=\"unstyled\" data-block-weight=\"31\" data-block-id=\"1\">\n<p class=\"content-text__container theme-color-primary-first-letter\" data-track-category=\"Link no Texto\" data-track-links=\"\">\u00c9 inconstitucional a exig\u00eancia de inscri\u00e7\u00e3o do defensor p\u00fablico nos quadros da Ordem dos Advogados do Brasil. Com este entendimento, o Supremo Tribunal Federal, em julgamento no Plen\u00e1rio Virtual, rejeitou, por 9 votos a 2, recurso extraordin\u00e1rio interposto pelas OABs nacional e de S\u00e3o Paulo.<\/p>\n<p data-track-category=\"Link no Texto\" data-track-links=\"\">A\u00a0a\u00e7\u00e3o questionava recurso da Associa\u00e7\u00e3o Paulista de Defensores P\u00fablicos (Apadep) e garantiu aos seus filiados o direito de decidirem, livremente, se querem ou n\u00e3o permanecer associados \u00e0 Ordem. A decis\u00e3o tem repercuss\u00e3o geral.<\/p>\n<\/div>\n<p><a href=\"http:\/\/www.marmorariaemaracoiabadaserra.com.br\" target=\"_blank\" rel=\"noopener\"><img loading=\"lazy\" decoding=\"async\" class=\"aligncenter wp-image-5982 size-full\" src=\"https:\/\/www.clickaracoiaba.com.br\/wp-content\/uploads\/2020\/07\/jjmarmores-e-granitos-690.jpg\" alt=\"\" width=\"690\" height=\"122\" srcset=\"https:\/\/www.clickaracoiaba.com.br\/wp-content\/uploads\/2020\/07\/jjmarmores-e-granitos-690.jpg 690w, https:\/\/www.clickaracoiaba.com.br\/wp-content\/uploads\/2020\/07\/jjmarmores-e-granitos-690-300x53.jpg 300w\" sizes=\"auto, (max-width: 690px) 100vw, 690px\" \/><\/a><\/p>\n<p>No recurso ao STF, as OABs sustentaram que os defensores p\u00fablicos exercem advocacia, o que os obriga \u00e0 inscri\u00e7\u00e3o na Ordem, e disseram que a legisla\u00e7\u00e3o funcional dos defensores n\u00e3o substitui a fiscaliza\u00e7\u00e3o \u00e9tico-disciplinar imposta pelo estatuto da OAB. &#8220;Entender de forma diversa significa desconstruir toda a l\u00f3gica constitucional que institui a unicidade da advocacia e da defensoria p\u00fablica enquanto fun\u00e7\u00e3o essencial&#8221;, alegaram.<\/p>\n<p>Como o assunto est\u00e1 sendo discutido desde 2019, a vota\u00e7\u00e3o registra uma manifesta\u00e7\u00e3o contr\u00e1ria do ministro aposentado Marco Aur\u00e9lio Mello. Segundo ele, uma vez que existe a exig\u00eancia de que os membros da defensoria p\u00fablica sejam advogados, &#8220;\u00e9 incongruente admitir a concorr\u00eancia ao cargo e, ao mesmo tempo, negar a obrigatoriedade de registro na Ordem&#8221;. No entanto, embora o ex-decano tenha sido seguido pelo ministro Dias Toffoli, prevaleceu a tese do relator, Alexandre de Moraes.<\/p>\n<p><a href=\"http:\/\/www.clickaracoiaba.com.br\/guia\/empresa\/640\"><img loading=\"lazy\" decoding=\"async\" class=\"aligncenter size-full wp-image-7308\" src=\"https:\/\/www.clickaracoiaba.com.br\/wp-content\/uploads\/2021\/10\/gutierrez_690x122.jpg\" alt=\"\" width=\"690\" height=\"122\" \/><\/a><\/p>\n<p>Em seu voto, Alexandre cita o Superior Tribunal de Justi\u00e7a, segundo o qual os defensores p\u00fablicos sujeitam-se a regime pr\u00f3prio e a estatutos espec\u00edficos, submetendo-se \u00e0 fiscaliza\u00e7\u00e3o disciplinar por \u00f3rg\u00e3os pr\u00f3prios, e n\u00e3o pela OAB.<\/p>\n<p>Al\u00e9m disso, necessitam\u00a0 de aprova\u00e7\u00e3o pr\u00e9via em concurso p\u00fablico, sem a qual, ainda que possuam inscri\u00e7\u00e3o na Ordem, n\u00e3o \u00e9 poss\u00edvel exercer as fun\u00e7\u00f5es do cargo, al\u00e9m de n\u00e3o haver necessidade da apresenta\u00e7\u00e3o de instrumento do mandato em sua atua\u00e7\u00e3o.<\/p>\n<p>&#8220;A Constitui\u00e7\u00e3o Federal n\u00e3o previu a inscri\u00e7\u00e3o na OAB como exig\u00eancia para exerc\u00edcio do cargo de Defensor P\u00fablico. Ao rev\u00e9s, imp\u00f4s a veda\u00e7\u00e3o da pr\u00e1tica da advocacia privada&#8221;, afirma.<\/p>\n<p>O ministro lembra que a Constitui\u00e7\u00e3o, ao criar a Defensoria P\u00fablica, pretendeu debelar a &#8220;dram\u00e1tica quest\u00e3o da desigualdade da justi\u00e7a, consistente precisamente na desigualdade de condi\u00e7\u00f5es materiais entre litigantes, que causa profunda injusti\u00e7a \u00e0queles que, defrontando-se com litigantes afortunados e poderosos, ficam na impossibilidade de exercer seu direito de a\u00e7\u00e3o e de defesa assegurado na Constitui\u00e7\u00e3o&#8221;.<\/p>\n<p><a href=\"https:\/\/www.clickaracoiaba.com.br\/guia\/empresa\/588\"><img loading=\"lazy\" decoding=\"async\" class=\"aligncenter size-full wp-image-6959\" src=\"https:\/\/www.clickaracoiaba.com.br\/wp-content\/uploads\/2021\/08\/caom_690.jpg\" alt=\"\" width=\"690\" height=\"122\" srcset=\"https:\/\/www.clickaracoiaba.com.br\/wp-content\/uploads\/2021\/08\/caom_690.jpg 690w, https:\/\/www.clickaracoiaba.com.br\/wp-content\/uploads\/2021\/08\/caom_690-300x53.jpg 300w\" sizes=\"auto, (max-width: 690px) 100vw, 690px\" \/><\/a><\/p>\n<p>Al\u00e9m disso, afirma o relator, &#8220;o funcionamento dessa relevante institui\u00e7\u00e3o \u00e9 evidenciado por fun\u00e7\u00f5es pr\u00f3prias, que pressup\u00f5em a hipossufici\u00eancia econ\u00f4mica, demandada por necessitados patrimoniais, como, por exemplo, o patroc\u00ednio de a\u00e7\u00e3o civil, e fun\u00e7\u00f5es impr\u00f3prias, que prescindem de hipossufici\u00eancia econ\u00f4mica, destinadas aos necessitados jur\u00eddicos, como, por exemplo, a curadoria especial e a defesa de r\u00e9u revel&#8221;.<\/p>\n<p>Mesmo que haja necessidade de os defensores p\u00fablicos serem advogados, no momento em que assumem o cargo s\u00e3o proibidos de exercer advocacia privada, &#8220;encerrando-se indiscutivelmente, por imposi\u00e7\u00e3o constitucional, seu v\u00ednculo com a OAB&#8221;.<\/p>\n<p>Alexandre foi acompanhado por Luiz Edson Fachin, Ricardo Lewandowski, Celso de Mello, Rosa Weber, C\u00e1rmen L\u00facia, Luiz Fux, Gilmar Mendes e Lu\u00eds Roberto Barroso.<\/p>\n<p><span style=\"color: #999999;\"><em>Edi\u00e7\u00e3o: Aur\u00e9lio Fid\u00eancio<br \/>\nMat\u00e9ria:\u00a0Severino Goes<\/em><\/span><br \/>\n<span style=\"color: #999999;\"><em><span style=\"color: #999999;\"> Fonte: Conjur<\/span><br \/>\n<\/em><\/span><em><span style=\"color: #999999;\">\u00a0<\/span><\/em><\/p>\n<h3><em>ASSISTA NOSSOS \u00daLTIMOS V\u00cdDEOS<\/em><\/h3>\n<figure id=\"attachment_7354\" aria-describedby=\"caption-attachment-7354\" style=\"width: 690px\" class=\"wp-caption aligncenter\"><a href=\"https:\/\/www.youtube.com\/clickaracoiaba\/?sub_confirmation=1\" target=\"_blank\" rel=\"noopener\"><img loading=\"lazy\" decoding=\"async\" class=\"wp-image-7354 size-full\" src=\"https:\/\/www.clickaracoiaba.com.br\/wp-content\/uploads\/2021\/10\/youtube.jpg\" alt=\"Para assistir o v\u00eddeo click no link [INSCREVER-SE]\" width=\"690\" height=\"326\" srcset=\"https:\/\/www.clickaracoiaba.com.br\/wp-content\/uploads\/2021\/10\/youtube.jpg 690w, https:\/\/www.clickaracoiaba.com.br\/wp-content\/uploads\/2021\/10\/youtube-300x142.jpg 300w\" sizes=\"auto, (max-width: 690px) 100vw, 690px\" \/><\/a><figcaption id=\"caption-attachment-7354\" class=\"wp-caption-text\"><em>Para assistir o v\u00eddeo click no link [INSCREVER-SE]<\/em><\/figcaption><\/figure>\n","protected":false},"excerpt":{"rendered":"<p>Segundo o STF, membros da Defensoria n\u00e3o precisam de inscri\u00e7\u00e3o na OAB \u00c9 inconstitucional a exig\u00eancia de inscri\u00e7\u00e3o do defensor p\u00fablico nos quadros da Ordem dos Advogados do Brasil. Com este entendimento, o Supremo Tribunal Federal, em julgamento no Plen\u00e1rio Virtual, rejeitou, por 9 votos a 2, recurso extraordin\u00e1rio interposto pelas OABs nacional e de&#8230;<\/p>\n","protected":false},"author":1,"featured_media":7396,"comment_status":"open","ping_status":"open","sticky":false,"template":"","format":"standard","meta":{"magazine_newspaper_sidebar_layout":"","footnotes":""},"categories":[8],"tags":[],"class_list":["post-7394","post","type-post","status-publish","format-standard","has-post-thumbnail","hentry","category-mulher"],"_links":{"self":[{"href":"https:\/\/www.clickaracoiaba.com.br\/index.php?rest_route=\/wp\/v2\/posts\/7394","targetHints":{"allow":["GET"]}}],"collection":[{"href":"https:\/\/www.clickaracoiaba.com.br\/index.php?rest_route=\/wp\/v2\/posts"}],"about":[{"href":"https:\/\/www.clickaracoiaba.com.br\/index.php?rest_route=\/wp\/v2\/types\/post"}],"author":[{"embeddable":true,"href":"https:\/\/www.clickaracoiaba.com.br\/index.php?rest_route=\/wp\/v2\/users\/1"}],"replies":[{"embeddable":true,"href":"https:\/\/www.clickaracoiaba.com.br\/index.php?rest_route=%2Fwp%2Fv2%2Fcomments&post=7394"}],"version-history":[{"count":0,"href":"https:\/\/www.clickaracoiaba.com.br\/index.php?rest_route=\/wp\/v2\/posts\/7394\/revisions"}],"wp:featuredmedia":[{"embeddable":true,"href":"https:\/\/www.clickaracoiaba.com.br\/index.php?rest_route=\/wp\/v2\/media\/7396"}],"wp:attachment":[{"href":"https:\/\/www.clickaracoiaba.com.br\/index.php?rest_route=%2Fwp%2Fv2%2Fmedia&parent=7394"}],"wp:term":[{"taxonomy":"category","embeddable":true,"href":"https:\/\/www.clickaracoiaba.com.br\/index.php?rest_route=%2Fwp%2Fv2%2Fcategories&post=7394"},{"taxonomy":"post_tag","embeddable":true,"href":"https:\/\/www.clickaracoiaba.com.br\/index.php?rest_route=%2Fwp%2Fv2%2Ftags&post=7394"}],"curies":[{"name":"wp","href":"https:\/\/api.w.org\/{rel}","templated":true}]}}