{"id":7251,"date":"2021-09-30T00:04:55","date_gmt":"2021-09-30T03:04:55","guid":{"rendered":"https:\/\/www.clickaracoiaba.com.br\/?p=7251"},"modified":"2021-09-30T00:04:55","modified_gmt":"2021-09-30T03:04:55","slug":"nota-de-falecimento-29092021","status":"publish","type":"post","link":"https:\/\/www.clickaracoiaba.com.br\/?p=7251","title":{"rendered":"Nota de falecimento 29\/09\/2021"},"content":{"rendered":"<blockquote>\n<h5>&#8220;Dos que partem ficam as saudades e as lembran\u00e7as do que passou, por isso eles nunca desaparecem totalmente. Receba nossas condol\u00eancias&#8221;<br \/>\n<span style=\"color: #999999;\"><em>Clickara\u00e7oiaba<\/em><\/span><\/h5>\n<\/blockquote>\n<p>Com profundo pesar, que comunicamos o falecimento de <b><i>JOS\u00c9 VALDELI DE SOUZA<\/i><\/b>, aos 42 anos de idade. Solteiro, n\u00e3o deixa filhos.<\/p>\n<p>Veio a \u00f3bito em Ara\u00e7oiaba da Serra dia <strong>29\/09\/21<\/strong>. Vel\u00f3rio das 08:00h \u00e0s 10:00h no sal\u00e3o anexo ao Cemit\u00e9rio Central de Ara\u00e7oiaba da Serra. Ser\u00e1 sepultada no Cemit\u00e9rio Municipal Central, no dia 30\/09\/2021, \u00e0s 10:00 horas.<\/p>\n<p><a href=\"http:\/\/www.clickaracoiaba.com.br\/guia\/empresa\/679\"><img loading=\"lazy\" decoding=\"async\" class=\"aligncenter size-full wp-image-5982\" src=\"https:\/\/www.clickaracoiaba.com.br\/wp-content\/uploads\/2020\/07\/jjmarmores-e-granitos-690.jpg\" alt=\"\" width=\"690\" height=\"122\" srcset=\"https:\/\/www.clickaracoiaba.com.br\/wp-content\/uploads\/2020\/07\/jjmarmores-e-granitos-690.jpg 690w, https:\/\/www.clickaracoiaba.com.br\/wp-content\/uploads\/2020\/07\/jjmarmores-e-granitos-690-300x53.jpg 300w\" sizes=\"auto, (max-width: 690px) 100vw, 690px\" \/><\/a><\/p>\n","protected":false},"excerpt":{"rendered":"<p>&#8220;Dos que partem ficam as saudades e as lembran\u00e7as do que passou, por isso eles nunca desaparecem totalmente. Receba nossas condol\u00eancias&#8221; Clickara\u00e7oiaba Com profundo pesar, que comunicamos o falecimento de JOS\u00c9 VALDELI DE SOUZA, aos 42 anos de idade. Solteiro, n\u00e3o deixa filhos. Veio a \u00f3bito em Ara\u00e7oiaba da Serra dia 29\/09\/21. Vel\u00f3rio das 08:00h&#8230;<\/p>\n","protected":false},"author":1,"featured_media":7253,"comment_status":"open","ping_status":"open","sticky":false,"template":"","format":"standard","meta":{"magazine_newspaper_sidebar_layout":"","footnotes":""},"categories":[374],"tags":[1143,1144],"class_list":["post-7251","post","type-post","status-publish","format-standard","has-post-thumbnail","hentry","category-obituario","tag-jose-valdeli-de-souza","tag-magrao-de-aracoiaba-da-serra"],"_links":{"self":[{"href":"https:\/\/www.clickaracoiaba.com.br\/index.php?rest_route=\/wp\/v2\/posts\/7251","targetHints":{"allow":["GET"]}}],"collection":[{"href":"https:\/\/www.clickaracoiaba.com.br\/index.php?rest_route=\/wp\/v2\/posts"}],"about":[{"href":"https:\/\/www.clickaracoiaba.com.br\/index.php?rest_route=\/wp\/v2\/types\/post"}],"author":[{"embeddable":true,"href":"https:\/\/www.clickaracoiaba.com.br\/index.php?rest_route=\/wp\/v2\/users\/1"}],"replies":[{"embeddable":true,"href":"https:\/\/www.clickaracoiaba.com.br\/index.php?rest_route=%2Fwp%2Fv2%2Fcomments&post=7251"}],"version-history":[{"count":0,"href":"https:\/\/www.clickaracoiaba.com.br\/index.php?rest_route=\/wp\/v2\/posts\/7251\/revisions"}],"wp:featuredmedia":[{"embeddable":true,"href":"https:\/\/www.clickaracoiaba.com.br\/index.php?rest_route=\/wp\/v2\/media\/7253"}],"wp:attachment":[{"href":"https:\/\/www.clickaracoiaba.com.br\/index.php?rest_route=%2Fwp%2Fv2%2Fmedia&parent=7251"}],"wp:term":[{"taxonomy":"category","embeddable":true,"href":"https:\/\/www.clickaracoiaba.com.br\/index.php?rest_route=%2Fwp%2Fv2%2Fcategories&post=7251"},{"taxonomy":"post_tag","embeddable":true,"href":"https:\/\/www.clickaracoiaba.com.br\/index.php?rest_route=%2Fwp%2Fv2%2Ftags&post=7251"}],"curies":[{"name":"wp","href":"https:\/\/api.w.org\/{rel}","templated":true}]}}