{"id":7232,"date":"2021-09-27T03:13:37","date_gmt":"2021-09-27T06:13:37","guid":{"rendered":"https:\/\/www.clickaracoiaba.com.br\/?p=7232"},"modified":"2021-09-27T03:16:58","modified_gmt":"2021-09-27T06:16:58","slug":"suzane-von-richthofen-e-irmaos-cravinhos-nos-dias-de-hoje","status":"publish","type":"post","link":"https:\/\/www.clickaracoiaba.com.br\/?p=7232","title":{"rendered":"Suzane Von Richthofen e Irm\u00e3os Cravinhos Nos dias de Hoje"},"content":{"rendered":"<p><a href=\"http:\/\/www.clickaracoiaba.com.br\/guia\/empresa\/553\"><img loading=\"lazy\" decoding=\"async\" class=\"aligncenter size-full wp-image-6858\" src=\"https:\/\/www.clickaracoiaba.com.br\/wp-content\/uploads\/2021\/07\/fidencio-marketing-690.jpg\" alt=\"\" width=\"690\" height=\"122\" srcset=\"https:\/\/www.clickaracoiaba.com.br\/wp-content\/uploads\/2021\/07\/fidencio-marketing-690.jpg 690w, https:\/\/www.clickaracoiaba.com.br\/wp-content\/uploads\/2021\/07\/fidencio-marketing-690-300x53.jpg 300w\" sizes=\"auto, (max-width: 690px) 100vw, 690px\" \/><\/a><\/p>\n<h3>VEJA COMO EST\u00c3O OS ENVOLVIDOS NO CASO VON RICHTHOFEN AP\u00d3S 19 ANOS<\/h3>\n<p>O caso von Richthofen continua causando discuss\u00e3o, mesmo quase 20 anos depois. \u00c0 \u00e9poca do crime, quando os irm\u00e3os Daniel e Cristian Cravinhos assassinaram a pauladas o engenheiro Manfred e a psiquiatra Mar\u00edsia, a mando da filha do casal, Suzane Louise Von Richthofen, s\u00f3 se falava sobre as mortes: do jornal \u00e0s mesas de bares, o assunto era o mesmo. Agora, duas d\u00e9cadas se passaram, e com o lan\u00e7amento de &#8220;A Menina Que Matou Os Pais&#8221; e &#8220;O Menino Que Matou Meus Pais&#8221;, filmes sobre os crimes, uma quest\u00e3o reapareceu: o que aconteceu com envolvidos?<\/p>\n<p>O assassinato ocorreu em S\u00e3o Paulo, no dia 31 de outubro de 2002, e inicialmente foi tido como latroc\u00ednio \u2014 roubo seguido de morte. No entanto, as investiga\u00e7\u00f5es come\u00e7aram a apontar para os tr\u00eas, que confessaram o assassinato no dia 8 de novembro.<\/p>\n<p>O julgamento aconteceu em 2006 e condenou Suzane von Richthofen e Daniel Cravinhos a 39 anos e 6 meses de pris\u00e3o. J\u00e1 Cristian Cravinhos recebeu a pena de 38 anos e 6 meses de pris\u00e3o.<\/p>\n<h3>Suzane von Richthofen<\/h3>\n<h3><em><strong><a href=\"http:\/\/www.clickaracoiaba.com.br\/guia\/p\/19\/Anuncie_conosco.html\" target=\"_blank\" rel=\"noopener\">Voc\u00ea est\u00e1 lendo isso? Seu futuro cliente tamb\u00e9m est\u00e1! Anuncie no Guia\u00a0<\/a><\/strong><\/em><em><strong><a href=\"http:\/\/www.clickaracoiaba.com.br\/guia\/p\/19\/Anuncie_conosco.html\" target=\"_blank\" rel=\"noopener\">Comercial do Clickara\u00e7oiaba, \u00e9 barato e d\u00e1 resultado!<\/a><\/strong><\/em><\/h3>\n<h2><img loading=\"lazy\" decoding=\"async\" class=\"aligncenter size-full wp-image-7233\" src=\"https:\/\/www.clickaracoiaba.com.br\/wp-content\/uploads\/2021\/09\/suzane-louise-von-richthofen_690px.jpg\" alt=\"\" width=\"690\" height=\"418\" srcset=\"https:\/\/www.clickaracoiaba.com.br\/wp-content\/uploads\/2021\/09\/suzane-louise-von-richthofen_690px.jpg 690w, https:\/\/www.clickaracoiaba.com.br\/wp-content\/uploads\/2021\/09\/suzane-louise-von-richthofen_690px-300x182.jpg 300w\" sizes=\"auto, (max-width: 690px) 100vw, 690px\" \/><\/h2>\n<p>A protagonista do caso sempre estampa as manchetes e choca o p\u00fablico quando sai do pres\u00eddio do Trememb\u00e9, em S\u00e3o Paulo, para as &#8220;saidinhas&#8221; do Dia das M\u00e3es e Dia dos Pais. Ela ganhou o benef\u00edcio em 2015, quando a Justi\u00e7a aceitou o pedido de Suzane para ir ao regime semiaberto. Ela \u00e9 conhecida por ter bom comportamento na cadeia e, depois de namorar Sandr\u00e3o \u2014 presa por sequestro e assassinato de uma crian\u00e7a \u2014, ela come\u00e7ou um relacionamento com Rog\u00e9rio Olberg, em 2016, um serralheiro de quem foi noiva. O casal se separou em mar\u00e7o de 2020. A mais nova not\u00edcia da not\u00f3ria condenada aconteceu neste m\u00eas de setembro, quando Suzane, agora aos 37 anos, recebeu a autoriza\u00e7\u00e3o da Justi\u00e7a de cursar Farm\u00e1cia, na faculdade Anhanguera, em Taubat\u00e9 (SP). Para estudar, ela poder\u00e1 sair da penitenci\u00e1ria \u00e0s 17h00, e voltar at\u00e9 \u00e0s 23h55. \u00c0 \u00e9poca do crime, ela tinha 18 anos e cursava Direito, na PUC-SP. Quanto ao lan\u00e7amento de &#8220;A Menina Que Matou Os Pais&#8221; e &#8220;O Menino Que Matou Meus Pais&#8221;, a condenada pela morte dos pais tentou entrar com recurso para impedir a estreia, mas o pedido foi negado pela Justi\u00e7a.<\/p>\n<h3>Daniel Cravinhos<\/h3>\n<p><img loading=\"lazy\" decoding=\"async\" class=\"aligncenter size-full wp-image-7234\" src=\"https:\/\/www.clickaracoiaba.com.br\/wp-content\/uploads\/2021\/09\/daniel-cravinhos-e-a-futura-mulher_690px.jpg\" alt=\"\" width=\"690\" height=\"479\" srcset=\"https:\/\/www.clickaracoiaba.com.br\/wp-content\/uploads\/2021\/09\/daniel-cravinhos-e-a-futura-mulher_690px.jpg 690w, https:\/\/www.clickaracoiaba.com.br\/wp-content\/uploads\/2021\/09\/daniel-cravinhos-e-a-futura-mulher_690px-300x208.jpg 300w\" sizes=\"auto, (max-width: 690px) 100vw, 690px\" \/><\/p>\n<p>Namorado de Suzane, o jovem era aeromodelista e tinha 21 anos \u00e0 \u00e9poca do crime. Ele progrediu ao regime semiaberto em 2013 e para o aberto em 2018, ganhando o direito de cumprir o restante da pena em liberdade. Esta liberdade era para ter chegado um pouco antes, em 2017, no entanto, ele esteve envolvido em tr\u00e1fico de produtos restritos a hospitais dentro da cadeia, e voltou ao regime fechado por tr\u00eas meses. Em 2014, ele se casou com a biom\u00e9dica Alyne Bento, 34, filha de uma agente penitenci\u00e1ria. Segundo a Veja, a esposa de Cravinhos perdeu dois empregos em laborat\u00f3rios de an\u00e1lises cl\u00ednicas depois que os patr\u00f5es descobriam se tratar de algu\u00e9m casado com um condenado de um dos crimes mais famosos do Brasil. Em &#8220;A Menina Que Matou Os Pais&#8221; e &#8220;O Menino Que Matou Meus Pais&#8221;, Daniel Cravinhos \u00e9 vivido por Leonardo Bittencourt.<\/p>\n<h3>Cristian Cravinhos<\/h3>\n<p><img loading=\"lazy\" decoding=\"async\" class=\"aligncenter size-full wp-image-7235\" src=\"https:\/\/www.clickaracoiaba.com.br\/wp-content\/uploads\/2021\/09\/cristian-cravinhos-foi-preso-na-madrugada-em-sorocaba-sp_690.jpg\" alt=\"\" width=\"690\" height=\"461\" srcset=\"https:\/\/www.clickaracoiaba.com.br\/wp-content\/uploads\/2021\/09\/cristian-cravinhos-foi-preso-na-madrugada-em-sorocaba-sp_690.jpg 690w, https:\/\/www.clickaracoiaba.com.br\/wp-content\/uploads\/2021\/09\/cristian-cravinhos-foi-preso-na-madrugada-em-sorocaba-sp_690-300x200.jpg 300w\" sizes=\"auto, (max-width: 690px) 100vw, 690px\" \/><\/p>\n<p>Em regime aberto a partir de 2017, Cristian voltou ao pres\u00eddio do Trememb\u00e9 em 2018, quando recebeu uma senten\u00e7a por corrup\u00e7\u00e3o. Assim, sua pena foi de 38 anos e 6 meses para 41 anos e 10 meses. O condenado se envolveu em uma briga em um bar em Sorocaba (SP)<a href=\"https:\/\/www.clickaracoiaba.com.br\/?p=2830\"> &#8211; click aqui e relembre o caso &#8211;\u00a0<\/a>e, ao ser revistado pela pol\u00edcia, muni\u00e7\u00e3o de uso restrito foi encontrada. Para n\u00e3o ser preso \u2014 e perder o direito ao regime aberto \u2014 Cristian ofereceu dinheiro aos pol\u00edcias. Por fim, ele foi absolvido da acusa\u00e7\u00e3o de posse ilegal de muni\u00e7\u00e3o, mas a condena\u00e7\u00e3o por tentativa de suborno foi mantida. Em 2020, Cristian Cravinhos voltou aos jornais quando pediu indeniza\u00e7\u00e3o por danos morais \u00e0 produtora da s\u00e9rie &#8220;Investiga\u00e7\u00e3o Criminal&#8221;, por usar 12 fotos suas. \u00c0 \u00e9poca ele pediu R$ 500 mil, mas a Justi\u00e7a negou o pedido. No mesmo ano, o filho de Cristian, que tinha 3 anos na \u00e9poca do crime, pediu anula\u00e7\u00e3o da paternidade. Segundo o processo, o jovem diz sofrer constrangimento toda vez que apresenta um documento no qual consta o nome do pai. O desejo \u00e9 de revogar os direitos jur\u00eddicos entre pai e filho \u2014 abrindo m\u00e3o de pens\u00e3o ou heran\u00e7a. Em 2009, o garoto j\u00e1 havia conseguido retirar o sobrenome Cravinhos.<\/p>\n<div><em><br \/>\nEdi\u00e7\u00e3o: Aur\u00e9lio Fid\u00eancio<br \/>\nFontes: Folha de S\u00e3o Paulo, Universo Online, O Globo, Veja e CNN<br \/>\nFotos: Reprodu\u00e7\u00e3o Redes Sociais<br \/>\nClickara\u00e7oiaba, O primeiro Portal de Ara\u00e7oiaba da Serra \u2013 SP &#8211;\u00a0Desde 1999<\/em><br \/>\n<em> <strong>Curta nossa p\u00e1gina no Facebook:<\/strong><\/em><br \/>\n<em> <a href=\"https:\/\/www.facebook.com\/clickaracoiaba\" target=\"_blank\" rel=\"noopener\">https:\/\/www.facebook.com\/clickaracoiaba<\/a><\/em><\/div>\n<div><span style=\"color: #ffffff;\"><b>#Suzane<\/b>von<b>Richthofen,\u00a0#Suzanerichthofen, #Suzanerichthofen, #suzanerichthofen, #suzanevonrichthofen<\/b><\/span><\/div>\n<p><a href=\"http:\/\/www.clickaracoiaba.com.br\/guia\/empresa\/699\"><img loading=\"lazy\" decoding=\"async\" class=\"aligncenter size-full wp-image-6837\" src=\"https:\/\/www.clickaracoiaba.com.br\/wp-content\/uploads\/2021\/07\/ms_projetos_clickaracoiaba_690x122.jpg\" alt=\"\" width=\"690\" height=\"122\" srcset=\"https:\/\/www.clickaracoiaba.com.br\/wp-content\/uploads\/2021\/07\/ms_projetos_clickaracoiaba_690x122.jpg 690w, https:\/\/www.clickaracoiaba.com.br\/wp-content\/uploads\/2021\/07\/ms_projetos_clickaracoiaba_690x122-300x53.jpg 300w\" sizes=\"auto, (max-width: 690px) 100vw, 690px\" \/><\/a><\/p>\n<p>&#8230;&#8230;&#8230;&#8230;&#8230;&#8230;&#8230;&#8230;&#8230;&#8230;&#8230;&#8230;&#8230;&#8230;&#8230;&#8230;&#8230;&#8230;&#8230;&#8230;&#8230;&#8230;&#8230;&#8230;&#8230;&#8230;&#8230;&#8230;&#8230;&#8230;&#8230;&#8230;<\/p>\n<p><span style=\"color: #000000;\"><strong>Veja mais mat\u00e9ria em v\u00eddeo :<\/strong><\/span><\/p>\n<p><iframe loading=\"lazy\" title=\"YouTube video player\" src=\"https:\/\/www.youtube.com\/embed\/mt18FLdHpq0?controls=0\" width=\"560\" height=\"315\" frameborder=\"0\" allowfullscreen=\"allowfullscreen\"><\/iframe><\/p>\n","protected":false},"excerpt":{"rendered":"<p>VEJA COMO EST\u00c3O OS ENVOLVIDOS NO CASO VON RICHTHOFEN AP\u00d3S 19 ANOS O caso von Richthofen continua causando discuss\u00e3o, mesmo quase 20 anos depois. \u00c0 \u00e9poca do crime, quando os irm\u00e3os Daniel e Cristian Cravinhos assassinaram a pauladas o engenheiro Manfred e a psiquiatra Mar\u00edsia, a mando da filha do casal, Suzane Louise Von Richthofen,&#8230;<\/p>\n","protected":false},"author":1,"featured_media":7236,"comment_status":"open","ping_status":"open","sticky":false,"template":"","format":"standard","meta":{"magazine_newspaper_sidebar_layout":"","footnotes":""},"categories":[2,105],"tags":[1124,1126,1127,1136,1135,1125,1128,1132,1133,1134],"class_list":["post-7232","post","type-post","status-publish","format-standard","has-post-thumbnail","hentry","category-brasil","category-policia","tag-a-menina-que-matou-os-pais","tag-filme-de-suzane","tag-filme-dos-irmaos-cravinhos","tag-garota-que-mandou-matar-os-proprios-pais-a-pauladas-enquanto-dormiam","tag-garota-que-matou-os-proprios-pais-a-pauladas","tag-o-menino-que-matou-os-pais","tag-onde-estao-os-irmaos-cravinhos-nos-dias-de-hoje","tag-suzane-richthofen-em-2021","tag-suzane-richthofen-em-2022","tag-suzane-richthofen-em-2023"],"_links":{"self":[{"href":"https:\/\/www.clickaracoiaba.com.br\/index.php?rest_route=\/wp\/v2\/posts\/7232","targetHints":{"allow":["GET"]}}],"collection":[{"href":"https:\/\/www.clickaracoiaba.com.br\/index.php?rest_route=\/wp\/v2\/posts"}],"about":[{"href":"https:\/\/www.clickaracoiaba.com.br\/index.php?rest_route=\/wp\/v2\/types\/post"}],"author":[{"embeddable":true,"href":"https:\/\/www.clickaracoiaba.com.br\/index.php?rest_route=\/wp\/v2\/users\/1"}],"replies":[{"embeddable":true,"href":"https:\/\/www.clickaracoiaba.com.br\/index.php?rest_route=%2Fwp%2Fv2%2Fcomments&post=7232"}],"version-history":[{"count":0,"href":"https:\/\/www.clickaracoiaba.com.br\/index.php?rest_route=\/wp\/v2\/posts\/7232\/revisions"}],"wp:featuredmedia":[{"embeddable":true,"href":"https:\/\/www.clickaracoiaba.com.br\/index.php?rest_route=\/wp\/v2\/media\/7236"}],"wp:attachment":[{"href":"https:\/\/www.clickaracoiaba.com.br\/index.php?rest_route=%2Fwp%2Fv2%2Fmedia&parent=7232"}],"wp:term":[{"taxonomy":"category","embeddable":true,"href":"https:\/\/www.clickaracoiaba.com.br\/index.php?rest_route=%2Fwp%2Fv2%2Fcategories&post=7232"},{"taxonomy":"post_tag","embeddable":true,"href":"https:\/\/www.clickaracoiaba.com.br\/index.php?rest_route=%2Fwp%2Fv2%2Ftags&post=7232"}],"curies":[{"name":"wp","href":"https:\/\/api.w.org\/{rel}","templated":true}]}}