{"id":6634,"date":"2021-05-31T18:13:20","date_gmt":"2021-05-31T21:13:20","guid":{"rendered":"http:\/\/www.clickaracoiaba.com.br\/?p=6634"},"modified":"2021-05-31T18:48:02","modified_gmt":"2021-05-31T21:48:02","slug":"bolsonaro-chama-manifestantes-de-maconheiros-ao-minimizar-atos-contra-ele","status":"publish","type":"post","link":"https:\/\/www.clickaracoiaba.com.br\/?p=6634","title":{"rendered":"Bolsonaro chama manifestantes de maconheiros ao minimizar atos contra ele"},"content":{"rendered":"<div id=\"vg0\" class=\"tab-content\">\n<h3><a href=\"http:\/\/wa.me\/5515996560985\" target=\"_blank\" rel=\"noopener\"><img loading=\"lazy\" decoding=\"async\" class=\"aligncenter wp-image-5981 size-full\" src=\"http:\/\/www.clickaracoiaba.com.br\/wp-content\/uploads\/2020\/07\/ddplan_690.jpg\" alt=\"\" width=\"690\" height=\"122\" srcset=\"https:\/\/www.clickaracoiaba.com.br\/wp-content\/uploads\/2020\/07\/ddplan_690.jpg 690w, https:\/\/www.clickaracoiaba.com.br\/wp-content\/uploads\/2020\/07\/ddplan_690-300x53.jpg 300w\" sizes=\"auto, (max-width: 690px) 100vw, 690px\" \/><\/a><\/h3>\n<h2>Bolsonaro diz que faltou maconha para manifestantes ao minimizar atos contra ele<\/h2>\n<p>Em sua primeira manifesta\u00e7\u00e3o p\u00fablica sobre os protestos que reuniram milhares de pessoas contra seu governo no s\u00e1bado (29), o presidente Jair Bolsonaro (sem partido) minimizou nesta segunda-feira (31) o tamanho dos atos e disse que faltou maconha e dinheiro para os manifestantes.<\/p>\n<p>&#8220;Voc\u00ea sabe por que teve pouca gente nessa manifesta\u00e7\u00e3o da esquerda, agora, no \u00faltimo fim de semana? Porque a PF e a PRF est\u00e3o prendendo muita maconha pelo Brasil. Faltou erva para o movimento&#8221;, disse o presidente a apoiadores, fazendo men\u00e7\u00e3o \u00e0 Pol\u00edcia Federal e \u00e0 Pol\u00edcia Rodovi\u00e1ria Federal.<\/p>\n<p>Como mostra um v\u00eddeo publicado na internet por um apoiador, ao conversar com eleitores na porta do Pal\u00e1cio da Alvorada na manh\u00e3 de segunda, Bolsonaro afirmou ainda que estava &#8220;faltando dinheiro tamb\u00e9m&#8221; para aqueles que se reuniram em atos em todas as 27 capitais brasileiras, com grandes concentra\u00e7\u00f5es em S\u00e3o Paulo e no Rio de Janeiro.<\/p>\n<p>At\u00e9 esta segunda-feira, Bolsonaro n\u00e3o havia se manifestado. Ao contr\u00e1rio das agitadas agendas dos \u00faltimos finais de semana, o presidente se encastelou no Pal\u00e1cio da Alvorada, resid\u00eancia oficial do presidente, em Bras\u00edlia.<\/p>\n<p>No s\u00e1bado, dia dos protestos, fez uma publica\u00e7\u00e3o em rede social segurando uma camiseta com a mensagem &#8220;imorr\u00edvel, imbrox\u00e1vel, incom\u00edvel&#8221; -mesmos termos usados recentemente por ele quando atribuiu a Deus a exclusividade de poder tir\u00e1-lo do cargo. Nesta segunda, com os apoiadores, voltou a usar as express\u00f5es.<\/p>\n<h3><span style=\"color: #0000ff;\">PARTICIPE DE NOSSO P\u00c1GINA NO FACEBOOK<\/span><\/h3>\n<p><a href=\"https:\/\/www.facebook.com\/Pol%C3%ADtica-em-Ara%C3%A7oiaba-da-Serra-102424915397573\/?ref=siteclickaracoiaba\" target=\"_blank\" rel=\"noopener\"><img loading=\"lazy\" decoding=\"async\" class=\"aligncenter wp-image-6636 size-full\" src=\"http:\/\/www.clickaracoiaba.com.br\/wp-content\/uploads\/2021\/05\/grupo_politicaemaracoiabadaserra.jpg\" alt=\"\" width=\"690\" height=\"362\" srcset=\"https:\/\/www.clickaracoiaba.com.br\/wp-content\/uploads\/2021\/05\/grupo_politicaemaracoiabadaserra.jpg 690w, https:\/\/www.clickaracoiaba.com.br\/wp-content\/uploads\/2021\/05\/grupo_politicaemaracoiabadaserra-300x157.jpg 300w\" sizes=\"auto, (max-width: 690px) 100vw, 690px\" \/><\/a><\/p>\n<p>De acordo com relatos de aliados de Bolsonaro feitos \u00e0 reportagem sob condi\u00e7\u00e3o de anonimato, a estrat\u00e9gia do governo, j\u00e1 iniciada no fim de semana, \u00e9 tentar desqualificar os atos e manter a base bolsonarista radical unida. Para isso trabalham para ressuscitar o antipetismo.<\/p>\n<p>Dentro desta l\u00f3gica, os governistas querem generalizar como petistas todos os que foram \u00e0s ruas protestar contra Bolsonaro.<\/p>\n<p>Aliados do governo tamb\u00e9m trabalham para distorcer o foco dos atos. Em vez de reconhecer que as manifesta\u00e7\u00f5es s\u00e3o pela falta de vacina e em desacordo com a condu\u00e7\u00e3o do governo no enfrentamento \u00e0 pandemia, levantam o discurso de que as passeatas tiveram vi\u00e9s eleitoral, em defesa do ex-presidente Luiz In\u00e1cio Lula da Silva (PT).<\/p>\n<p>Em contrapartida, argumentam que os bolsonaristas que v\u00e3o \u00e0s ruas em apoio ao presidente s\u00e3o crist\u00e3os e patriotas.<\/p>\n<p>Al\u00e9m disso, aliados do mandat\u00e1rio est\u00e3o usando imagens de aglomera\u00e7\u00e3o nos atos contra ele para se blindar de cr\u00edticas naqueles favor\u00e1veis. A recomenda\u00e7\u00e3o para a utiliza\u00e7\u00e3o de m\u00e1scaras teve ampla ades\u00e3o de manifestantes no s\u00e1bado, mas houve aglomera\u00e7\u00f5es em diversos locais, em descumprimento \u00e0s regras de distanciamento social sugeridas por especialistas para conter a dissemina\u00e7\u00e3o da Covid-19.<\/p>\n<p>Ao longo do fim de semana, aliados de Bolsonaro inflaram o discurso de polariza\u00e7\u00e3o e miraram ataques a Lula. O ex-presidente, segundo a \u00faltima pesquisa Datafolha, aparece com vantagem para a disputa pelo Pal\u00e1cio do Planalto em 2022.<\/p>\n<p>Lula n\u00e3o foi aos protestos de s\u00e1bado e manteve sil\u00eancio, mas em diversas cidades houve declara\u00e7\u00f5es de apoio ao petista. Ele readquiriu o direito de disputar a elei\u00e7\u00e3o ap\u00f3s o STF (Supremo Tribunal Federal) anular condena\u00e7\u00f5es da Lava Jato.<\/p>\n<p>Diante de um advers\u00e1rio com elevada rejei\u00e7\u00e3o e um cen\u00e1rio dif\u00edcil inclusive na economia, a estrat\u00e9gia dos petistas \u00e9 deixar que Bolsonaro se desgaste. A gest\u00e3o da pandemia da Covid j\u00e1 \u00e9 alvo de uma CPI no Senado.<br \/>\nComo o jornal Folha de S.Paulo mostrou, o final de semana fez emergir entre os pol\u00edticos a avalia\u00e7\u00e3o de que a elei\u00e7\u00e3o presidencial de 2022 foi antecipada. O mesmo diagn\u00f3stico \u00e9 tra\u00e7ado por bolsonaristas e pol\u00edticos de esquerda.<\/p>\n<h3><a href=\"http:\/\/wa.me\/5515996560985\" target=\"_blank\" rel=\"noopener\"><img loading=\"lazy\" decoding=\"async\" class=\"aligncenter wp-image-5981 size-full\" src=\"http:\/\/www.clickaracoiaba.com.br\/wp-content\/uploads\/2020\/07\/ddplan_690.jpg\" alt=\"\" width=\"690\" height=\"122\" srcset=\"https:\/\/www.clickaracoiaba.com.br\/wp-content\/uploads\/2020\/07\/ddplan_690.jpg 690w, https:\/\/www.clickaracoiaba.com.br\/wp-content\/uploads\/2020\/07\/ddplan_690-300x53.jpg 300w\" sizes=\"auto, (max-width: 690px) 100vw, 690px\" \/><\/a><\/h3>\n<\/div>\n<div id=\"vg0\" class=\"tab-content\"><em><span style=\"color: #999999;\"> Edi\u00e7\u00e3o: Aur\u00e9lio Fid\u00eancio<br \/>\nMat\u00e9ria: Daniel Carvalho<br \/>\n<\/span><\/em><span style=\"color: #999999;\"><em>Fonte: Folhapress<br \/>\nFoto: Marcos Corr\u00eaa<\/em><\/span><br \/>\n<span style=\"color: #999999;\"><em> Portal Clickara\u00e7oiaba desde 1999.<\/em><\/span><\/div>\n","protected":false},"excerpt":{"rendered":"<p>Bolsonaro diz que faltou maconha para manifestantes ao minimizar atos contra ele Em sua primeira manifesta\u00e7\u00e3o p\u00fablica sobre os protestos que reuniram milhares de pessoas contra seu governo no s\u00e1bado (29), o presidente Jair Bolsonaro (sem partido) minimizou nesta segunda-feira (31) o tamanho dos atos e disse que faltou maconha e dinheiro para os manifestantes&#8230;.<\/p>\n","protected":false},"author":1,"featured_media":6635,"comment_status":"open","ping_status":"open","sticky":false,"template":"","format":"standard","meta":{"magazine_newspaper_sidebar_layout":"","footnotes":""},"categories":[9],"tags":[],"class_list":["post-6634","post","type-post","status-publish","format-standard","has-post-thumbnail","hentry","category-politica"],"_links":{"self":[{"href":"https:\/\/www.clickaracoiaba.com.br\/index.php?rest_route=\/wp\/v2\/posts\/6634","targetHints":{"allow":["GET"]}}],"collection":[{"href":"https:\/\/www.clickaracoiaba.com.br\/index.php?rest_route=\/wp\/v2\/posts"}],"about":[{"href":"https:\/\/www.clickaracoiaba.com.br\/index.php?rest_route=\/wp\/v2\/types\/post"}],"author":[{"embeddable":true,"href":"https:\/\/www.clickaracoiaba.com.br\/index.php?rest_route=\/wp\/v2\/users\/1"}],"replies":[{"embeddable":true,"href":"https:\/\/www.clickaracoiaba.com.br\/index.php?rest_route=%2Fwp%2Fv2%2Fcomments&post=6634"}],"version-history":[{"count":0,"href":"https:\/\/www.clickaracoiaba.com.br\/index.php?rest_route=\/wp\/v2\/posts\/6634\/revisions"}],"wp:featuredmedia":[{"embeddable":true,"href":"https:\/\/www.clickaracoiaba.com.br\/index.php?rest_route=\/wp\/v2\/media\/6635"}],"wp:attachment":[{"href":"https:\/\/www.clickaracoiaba.com.br\/index.php?rest_route=%2Fwp%2Fv2%2Fmedia&parent=6634"}],"wp:term":[{"taxonomy":"category","embeddable":true,"href":"https:\/\/www.clickaracoiaba.com.br\/index.php?rest_route=%2Fwp%2Fv2%2Fcategories&post=6634"},{"taxonomy":"post_tag","embeddable":true,"href":"https:\/\/www.clickaracoiaba.com.br\/index.php?rest_route=%2Fwp%2Fv2%2Ftags&post=6634"}],"curies":[{"name":"wp","href":"https:\/\/api.w.org\/{rel}","templated":true}]}}