{"id":6531,"date":"2021-04-12T14:11:28","date_gmt":"2021-04-12T17:11:28","guid":{"rendered":"http:\/\/www.clickaracoiaba.com.br\/?p=6531"},"modified":"2021-04-12T14:19:12","modified_gmt":"2021-04-12T17:19:12","slug":"consultar-auxilio-emergencial-e-como-contestar-caso-nao-esteja-aprovado","status":"publish","type":"post","link":"https:\/\/www.clickaracoiaba.com.br\/?p=6531","title":{"rendered":"Como consultar auxilio emergencial e como contestar caso n\u00e3o esteja aprovado"},"content":{"rendered":"<h2>Consulte seu aux\u00edlio e saiba como contestar caso n\u00e3o esteja aprovado<\/h2>\n<p><a href=\"http:\/\/www.clickaracoiaba.com.br\/guia\/empresa\/567\"><img loading=\"lazy\" decoding=\"async\" class=\"aligncenter size-full wp-image-5981\" src=\"http:\/\/www.clickaracoiaba.com.br\/wp-content\/uploads\/2020\/07\/ddplan_690.jpg\" alt=\"\" width=\"690\" height=\"122\" srcset=\"https:\/\/www.clickaracoiaba.com.br\/wp-content\/uploads\/2020\/07\/ddplan_690.jpg 690w, https:\/\/www.clickaracoiaba.com.br\/wp-content\/uploads\/2020\/07\/ddplan_690-300x53.jpg 300w\" sizes=\"auto, (max-width: 690px) 100vw, 690px\" \/><\/a><\/p>\n<h2 class=\"jss971\">Para receber o aux\u00edlio \u00e9 preciso cumprir todos os crit\u00e9rios a seguir<\/h2>\n<ul>\n<li class=\"MuiListItem-root MuiListItem-gutters\">\n<div class=\"MuiListItemIcon-root\"><\/div>\n<div class=\"MuiListItemText-root\"><span class=\"MuiTypography-root MuiListItemText-primary jss972 MuiTypography-body1 MuiTypography-displayBlock\">Ter, no m\u00ednimo, 18 anos de idade (exceto m\u00e3es adolescentes)<\/span><\/div>\n<\/li>\n<li class=\"MuiListItem-root MuiListItem-gutters\">\n<div class=\"MuiListItemIcon-root\"><\/div>\n<div class=\"MuiListItemText-root\"><span class=\"MuiTypography-root MuiListItemText-primary jss972 MuiTypography-body1 MuiTypography-displayBlock\">N\u00e3o possuir indicativo de falecimento<\/span><\/div>\n<\/li>\n<li class=\"MuiListItem-root MuiListItem-gutters\">\n<div class=\"MuiListItemIcon-root\"><\/div>\n<div class=\"MuiListItemText-root\"><span class=\"MuiTypography-root MuiListItemText-primary jss972 MuiTypography-body1 MuiTypography-displayBlock\">N\u00e3o receber seguro desemprego ou seguro defeso<\/span><\/div>\n<\/li>\n<li class=\"MuiListItem-root MuiListItem-gutters\">\n<div class=\"MuiListItemIcon-root\"><\/div>\n<div class=\"MuiListItemText-root\"><span class=\"MuiTypography-root MuiListItemText-primary jss972 MuiTypography-body1 MuiTypography-displayBlock\">N\u00e3o possuir renda formal como agente p\u00fablico (RAIS)<\/span><\/div>\n<\/li>\n<li class=\"MuiListItem-root MuiListItem-gutters\">\n<div class=\"MuiListItemIcon-root\"><\/div>\n<div class=\"MuiListItemText-root\"><span class=\"MuiTypography-root MuiListItemText-primary jss972 MuiTypography-body1 MuiTypography-displayBlock\">N\u00e3o ser servidor p\u00fablico federal (SIAPE)<\/span><\/div>\n<\/li>\n<li class=\"MuiListItem-root MuiListItem-gutters\">\n<div class=\"MuiListItemIcon-root\"><\/div>\n<div class=\"MuiListItemText-root\"><span class=\"MuiTypography-root MuiListItemText-primary jss972 MuiTypography-body1 MuiTypography-displayBlock\">N\u00e3o ser pol\u00edtico eleito<\/span><\/div>\n<\/li>\n<li class=\"MuiListItem-root MuiListItem-gutters\">\n<div class=\"MuiListItemIcon-root\"><\/div>\n<div class=\"MuiListItemText-root\"><span class=\"MuiTypography-root MuiListItemText-primary jss972 MuiTypography-body1 MuiTypography-displayBlock\">N\u00e3o ter emprego formal<\/span><\/div>\n<\/li>\n<li class=\"MuiListItem-root MuiListItem-gutters\">\n<div class=\"MuiListItemIcon-root\"><\/div>\n<div class=\"MuiListItemText-root\"><span class=\"MuiTypography-root MuiListItemText-primary jss972 MuiTypography-body1 MuiTypography-displayBlock\">N\u00e3o ter contrato de trabalho intermitente<\/span><\/div>\n<\/li>\n<li class=\"MuiListItem-root MuiListItem-gutters\">\n<div class=\"MuiListItemIcon-root\"><\/div>\n<div class=\"MuiListItemText-root\"><span class=\"MuiTypography-root MuiListItemText-primary jss972 MuiTypography-body1 MuiTypography-displayBlock\">N\u00e3o receber benef\u00edcio previdenci\u00e1rio ou assistencial<\/span><\/div>\n<\/li>\n<li class=\"MuiListItem-root MuiListItem-gutters\">\n<div class=\"MuiListItemIcon-root\"><\/div>\n<div class=\"MuiListItemText-root\"><span class=\"MuiTypography-root MuiListItemText-primary jss972 MuiTypography-body1 MuiTypography-displayBlock\">Residir no Brasil<\/span><\/div>\n<\/li>\n<li class=\"MuiListItem-root MuiListItem-gutters\">\n<div class=\"MuiListItemIcon-root\"><\/div>\n<div class=\"MuiListItemText-root\"><span class=\"MuiTypography-root MuiListItemText-primary jss972 MuiTypography-body1 MuiTypography-displayBlock\">N\u00e3o ser militar das For\u00e7as Armadas<\/span><\/div>\n<\/li>\n<li class=\"MuiListItem-root MuiListItem-gutters\">\n<div class=\"MuiListItemIcon-root\"><\/div>\n<div class=\"MuiListItemText-root\"><span class=\"MuiTypography-root MuiListItemText-primary jss972 MuiTypography-body1 MuiTypography-displayBlock\">N\u00e3o receber o Benef\u00edcio Emergencial de Preserva\u00e7\u00e3o do Emprego e da Renda (BEm)<\/span><\/div>\n<\/li>\n<li class=\"MuiListItem-root MuiListItem-gutters\">\n<div class=\"MuiListItemIcon-root\"><\/div>\n<div class=\"MuiListItemText-root\"><span class=\"MuiTypography-root MuiListItemText-primary jss972 MuiTypography-body1 MuiTypography-displayBlock\">N\u00e3o estar preso em regime fechado<\/span><\/div>\n<\/li>\n<li class=\"MuiListItem-root MuiListItem-gutters\">\n<div class=\"MuiListItemIcon-root\"><\/div>\n<div class=\"MuiListItemText-root\"><span class=\"MuiTypography-root MuiListItemText-primary jss972 MuiTypography-body1 MuiTypography-displayBlock\">N\u00e3o possuir CPF vinculado como instituidor de pens\u00e3o por morte<\/span><\/div>\n<\/li>\n<li class=\"MuiListItem-root MuiListItem-gutters\">\n<div class=\"MuiListItemIcon-root\"><\/div>\n<div class=\"MuiListItemText-root\"><span class=\"MuiTypography-root MuiListItemText-primary jss972 MuiTypography-body1 MuiTypography-displayBlock\">N\u00e3o ter renda familiar mensal superior a meio sal\u00e1rio m\u00ednimo por pessoa<\/span><\/div>\n<\/li>\n<li class=\"MuiListItem-root MuiListItem-gutters\">\n<div class=\"MuiListItemIcon-root\"><\/div>\n<div class=\"MuiListItemText-root\"><span class=\"MuiTypography-root MuiListItemText-primary jss972 MuiTypography-body1 MuiTypography-displayBlock\">N\u00e3o ter renda familiar mensal superior a tr\u00eas sal\u00e1rios m\u00ednimos no total<\/span><\/div>\n<\/li>\n<li class=\"MuiListItem-root MuiListItem-gutters\">\n<div class=\"MuiListItemIcon-root\"><\/div>\n<div class=\"MuiListItemText-root\"><span class=\"MuiTypography-root MuiListItemText-primary jss972 MuiTypography-body1 MuiTypography-displayBlock\">N\u00e3o possuir CPF vinculado como instituidor de aux\u00edlio reclus\u00e3o<\/span><\/div>\n<\/li>\n<li class=\"MuiListItem-root MuiListItem-gutters\">\n<div class=\"MuiListItemIcon-root\"><\/div>\n<div class=\"MuiListItemText-root\"><span class=\"MuiTypography-root MuiListItemText-primary jss972 MuiTypography-body1 MuiTypography-displayBlock\">N\u00e3o pertencer \u00e0 fam\u00edlia que j\u00e1 tenha uma pessoa recebendo o Aux\u00edlio Emergencial 2021<\/span><\/div>\n<\/li>\n<li class=\"MuiListItem-root MuiListItem-gutters\">\n<div class=\"MuiListItemIcon-root\"><\/div>\n<div class=\"MuiListItemText-root\"><span class=\"MuiTypography-root MuiListItemText-primary jss972 MuiTypography-body1 MuiTypography-displayBlock\">N\u00e3o ser estagi\u00e1rio (base SIAPE)<\/span><\/div>\n<\/li>\n<li class=\"MuiListItem-root MuiListItem-gutters\">\n<div class=\"MuiListItemIcon-root\"><\/div>\n<div class=\"MuiListItemText-root\"><span class=\"MuiTypography-root MuiListItemText-primary jss972 MuiTypography-body1 MuiTypography-displayBlock\">N\u00e3o ser residente m\u00e9dico ou multiprofissional (base SIAPE)<\/span><\/div>\n<\/li>\n<li class=\"MuiListItem-root MuiListItem-gutters\">\n<div class=\"MuiListItemIcon-root\"><\/div>\n<div class=\"MuiListItemText-root\"><span class=\"MuiTypography-root MuiListItemText-primary jss972 MuiTypography-body1 MuiTypography-displayBlock\">N\u00e3o ter tido as parcelas do Aux\u00edlio Emergencial integralmente devolvidas ao Governo Federal em raz\u00e3o de n\u00e3o movimenta\u00e7\u00e3o dos recursos<\/span><\/div>\n<\/li>\n<li class=\"MuiListItem-root MuiListItem-gutters\">\n<div class=\"MuiListItemIcon-root\"><\/div>\n<div class=\"MuiListItemText-root\"><span class=\"MuiTypography-root MuiListItemText-primary jss972 MuiTypography-body1 MuiTypography-displayBlock\">N\u00e3o ser benefici\u00e1rio de bolsa de estudo da Coordena\u00e7\u00e3o de Aperfei\u00e7oamento de Pessoal de N\u00edvel Superior \u2013 Capes<\/span><\/div>\n<\/li>\n<li class=\"MuiListItem-root MuiListItem-gutters\">\n<div class=\"MuiListItemIcon-root\"><\/div>\n<div class=\"MuiListItemText-root\"><span class=\"MuiTypography-root MuiListItemText-primary jss972 MuiTypography-body1 MuiTypography-displayBlock\">N\u00e3o ser benefici\u00e1rio de bolsa de estudo do Conselho Nacional de Desenvolvimento Cient\u00edfico e Tecnol\u00f3gico \u2013 CNPQ<\/span><\/div>\n<\/li>\n<li class=\"MuiListItem-root MuiListItem-gutters\">\n<div class=\"MuiListItemIcon-root\"><\/div>\n<div class=\"MuiListItemText-root\"><span class=\"MuiTypography-root MuiListItemText-primary jss972 MuiTypography-body1 MuiTypography-displayBlock\">N\u00e3o ser servidor ou estagi\u00e1rio de \u00f3rg\u00e3o do Poder Judici\u00e1rio<\/span><\/div>\n<\/li>\n<li class=\"MuiListItem-root MuiListItem-gutters\">\n<div class=\"MuiListItemIcon-root\"><\/div>\n<div class=\"MuiListItemText-root\"><span class=\"MuiTypography-root MuiListItemText-primary jss972 MuiTypography-body1 MuiTypography-displayBlock\">N\u00e3o ter sofrido cancelamento do Aux\u00edlio Emergencial ou do Aux\u00edlio Emergencial Residual<\/span><\/div>\n<\/li>\n<li class=\"MuiListItem-root MuiListItem-gutters\">\n<div class=\"MuiListItemIcon-root\"><\/div>\n<div class=\"MuiListItemText-root\"><span class=\"MuiTypography-root MuiListItemText-primary jss972 MuiTypography-body1 MuiTypography-displayBlock\">N\u00e3o ser benefici\u00e1rio de bolsa de programa do Minist\u00e9rio da Educa\u00e7\u00e3o<\/span><\/div>\n<\/li>\n<li class=\"MuiListItem-root MuiListItem-gutters\">\n<div class=\"MuiListItemIcon-root\"><\/div>\n<div class=\"MuiListItemText-root\"><span class=\"MuiTypography-root MuiListItemText-primary jss972 MuiTypography-body1 MuiTypography-displayBlock\">N\u00e3o ser benefici\u00e1rio de bolsa do Fundo Nacional de Educa\u00e7\u00e3o (FNDE)<\/span><\/div>\n<\/li>\n<li class=\"MuiListItem-root MuiListItem-gutters\">\n<div class=\"MuiListItemIcon-root\"><\/div>\n<div class=\"MuiListItemText-root\"><span class=\"MuiTypography-root MuiListItemText-primary jss972 MuiTypography-body1 MuiTypography-displayBlock\">N\u00e3o ter recebido, em 2019, rendimentos tribut\u00e1veis acima de R$ 28.559,70<\/span><\/div>\n<\/li>\n<li class=\"MuiListItem-root MuiListItem-gutters\">\n<div class=\"MuiListItemIcon-root\"><\/div>\n<div class=\"MuiListItemText-root\"><span class=\"MuiTypography-root MuiListItemText-primary jss972 MuiTypography-body1 MuiTypography-displayBlock\">N\u00e3o ter, em 2019, rendimentos isentos, n\u00e3o tribut\u00e1veis ou tributados exclusivamente na fonte, cuja soma anual foi superior a R$ 40.000,00<\/span><\/div>\n<\/li>\n<li class=\"MuiListItem-root MuiListItem-gutters\">\n<div class=\"MuiListItemIcon-root\"><\/div>\n<div class=\"MuiListItemText-root\"><span class=\"MuiTypography-root MuiListItemText-primary jss972 MuiTypography-body1 MuiTypography-displayBlock\">N\u00e3o ter, em 31 de dezembro de 2019, a posse ou a propriedade de bens ou direitos, inclu\u00edda a terra nua, de valor total superior a R$ 300.000,00<\/span><\/div>\n<\/li>\n<li class=\"MuiListItem-root MuiListItem-gutters\">\n<div class=\"MuiListItemIcon-root\"><\/div>\n<div class=\"MuiListItemText-root\"><span class=\"MuiTypography-root MuiListItemText-primary jss972 MuiTypography-body1 MuiTypography-displayBlock\">N\u00e3o ser dependente de declarante de imposto de renda que recebeu renda acima de R$ 28.559,70 em 2019<\/span><\/div>\n<\/li>\n<li class=\"MuiListItem-root MuiListItem-gutters\">\n<div class=\"MuiListItemIcon-root\"><\/div>\n<div class=\"MuiListItemText-root\"><span class=\"MuiTypography-root MuiListItemText-primary jss972 MuiTypography-body1 MuiTypography-displayBlock\">N\u00e3o ser dependente de declarante de imposto de renda que recebeu, em 2019, rendimentos isentos, n\u00e3o tribut\u00e1veis ou tributados exclusivamente na fonte, cuja soma anual foi superior a R$ 40.000,00<\/span><\/div>\n<\/li>\n<li class=\"MuiListItem-root MuiListItem-gutters\">\n<div class=\"MuiListItemIcon-root\"><\/div>\n<div class=\"MuiListItemText-root\"><span class=\"MuiTypography-root MuiListItemText-primary jss972 MuiTypography-body1 MuiTypography-displayBlock\">N\u00e3o ser dependente de declarante de imposto de renda que tinha, em 31 de dezembro de 2019, a posse ou a propriedade de bens ou direitos, inclu\u00edda a terra nua, de valor total superior a R$ 300.000,00<\/span><\/div>\n<\/li>\n<li class=\"MuiListItem-root MuiListItem-gutters\">\n<div class=\"MuiListItemIcon-root\"><\/div>\n<div class=\"MuiListItemText-root\"><span class=\"MuiTypography-root MuiListItemText-primary jss972 MuiTypography-body1 MuiTypography-displayBlock\">N\u00e3o estar preso (sem informa\u00e7\u00e3o do regime prisional)<\/span><\/div>\n<\/li>\n<li class=\"MuiListItem-root MuiListItem-gutters\">\n<div class=\"MuiListItemIcon-root\"><\/div>\n<div class=\"MuiListItemText-root\"><span class=\"MuiTypography-root MuiListItemText-primary jss972 MuiTypography-body1 MuiTypography-displayBlock\">N\u00e3o ser servidor estadual, municipal ou distrital<\/span><\/div>\n<\/li>\n<li class=\"MuiListItem-root MuiListItem-gutters\">\n<div class=\"MuiListItemIcon-root\"><\/div>\n<div class=\"MuiListItemText-root\"><span class=\"MuiTypography-root MuiListItemText-primary jss972 MuiTypography-body1 MuiTypography-displayBlock\">N\u00e3o ter militar das For\u00e7as Armadas na fam\u00edlia com renda n\u00e3o identificada<\/span><\/div>\n<\/li>\n<li class=\"MuiListItem-root MuiListItem-gutters\">\n<div class=\"MuiListItemIcon-root\"><\/div>\n<div class=\"MuiListItemText-root\"><span class=\"MuiTypography-root MuiListItemText-primary jss972 MuiTypography-body1 MuiTypography-displayBlock\">CPF ser identificado na base da Receita Federal do Brasil utilizada no momento da an\u00e1lise de elegibilidade<\/span><\/div>\n<\/li>\n<li class=\"MuiListItem-root MuiListItem-gutters\">\n<div class=\"MuiListItemIcon-root\"><\/div>\n<div class=\"MuiListItemText-root\"><span class=\"MuiTypography-root MuiListItemText-primary jss972 MuiTypography-body1 MuiTypography-displayBlock\">N\u00e3o ter solicitado o cancelamento volunt\u00e1rio do Aux\u00edlio Emergencial<\/span><\/div>\n<\/li>\n<\/ul>\n<h3>Fa\u00e7a a consulta no link a seguir e veja se tem direto ao benef\u00edcio:<\/h3>\n<p style=\"text-align: center;\"><span style=\"color: #999999;\">&#8212;&#8212;&#8212;&#8211; publicidade inicio &#8212;&#8212;&#8212;&#8211;<\/span><em><span style=\"color: #339966;\"><a href=\"http:\/\/www.picpay.com\/convite?@33F9KT\" target=\"_blank\" rel=\"noopener\"><img loading=\"lazy\" decoding=\"async\" class=\"aligncenter size-full wp-image-6485\" src=\"http:\/\/www.clickaracoiaba.com.br\/wp-content\/uploads\/2021\/03\/clickaracoiaba_picpay.jpg\" alt=\"\" width=\"690\" height=\"190\" srcset=\"https:\/\/www.clickaracoiaba.com.br\/wp-content\/uploads\/2021\/03\/clickaracoiaba_picpay.jpg 690w, https:\/\/www.clickaracoiaba.com.br\/wp-content\/uploads\/2021\/03\/clickaracoiaba_picpay-300x83.jpg 300w\" sizes=\"auto, (max-width: 690px) 100vw, 690px\" \/><\/a><\/span><\/em>&#8212;&#8212;&#8212;&#8211; publicidade fim &#8212;&#8212;&#8212;&#8211;<\/p>\n<p><strong>Dataprev<\/strong>\u00a0(<strong><a href=\"https:\/\/consultaauxilio.dataprev.gov.br\/consulta\/#\/\" target=\"_blank\" rel=\"noopener\">https:\/\/consultaauxilio.dataprev.gov.br\/consulta\/#\/<\/a><\/strong>)<\/p>\n<p><strong>Caixa Econ\u00f4mica<\/strong>\u00a0(<a href=\"https:\/\/www.caixa.gov.br\/auxilio\/auxilio2021\/Paginas\/default.aspx\" target=\"_blank\" rel=\"noopener\"><strong>https:\/\/www.caixa.gov.br\/auxilio\/auxilio2021\/Paginas\/default.aspx<\/strong><\/a>)<\/p>\n<p>Os pagamentos do aux\u00edlio emergencial de 2021 tiveram inicio no dia 6 de abril para o p\u00fablico inscrito em 2020 pelas plataformas digitais da Caixa Econ\u00f4mica Federal e para os integrantes do Cadastro \u00danico.<\/p>\n<p>Trabalhadores informais que entraram no aux\u00edlio porque perderam renda devido \u00e0 pandemia de Covid-19 come\u00e7ar\u00e3o, portanto, a receber o benef\u00edcio antes dos integrantes do Bolsa Fam\u00edlia, que somente dever\u00e3o ter a primeira parcela a partir de 16 de abril, conforme o calend\u00e1rio de pagamentos do programa.<\/p>\n<p>O pagamento dos valores ser\u00e1 como no ano passado. Os dep\u00f3sitos ser\u00e3o realizados na conta-poupan\u00e7a digital da Caixa.<\/p>\n<p>Primeiro, o cidad\u00e3o poder\u00e1 movimentar o dinheiro pelo aplicativo Caixa Tem, que permite pagar contas e realizar compras.<br \/>\nSomente &#8220;algumas semanas&#8221; depois ele poder\u00e1 fazer o saque do aux\u00edlio ou transfer\u00eancia para outra conta, conforme explicou o presidente da Caixa, Pedro Guimar\u00e3es. Veja o calend\u00e1rio ao final do texto.<\/p>\n<p>Caso voc\u00ea precise realente sacar o dinheiro basta abaixar o aplicativo PicPay em seu celular (<strong><a href=\"http:\/\/www.picpay.com\/convite?@33F9KT\" target=\"_blank\" rel=\"noopener\">clik aqui para baixar gr\u00e1tis<\/a><\/strong>), transferir o dinheiro do Caixa Tem Para o PicPay e fazer o saque nos caixas eletr\u00f4nicos 24h<\/p>\n<p>Se voc\u00ea cumpre todos esses crit\u00e9rios e mesmo assim teve seu auxilio negado, click <a href=\"https:\/\/www.gov.br\/pt-br\/servicos\/contestar-o-resultado-do-auxilio-emergencial-coronavirus-covid-19\" target=\"_blank\" rel=\"noopener\"><strong>AQUI<\/strong><\/a> e fa\u00e7a a contesta\u00e7\u00e3o.<\/p>\n<p><span style=\"color: #999999;\"><em>Edi\u00e7\u00e3o: Aur\u00e9lio Fid\u00eancio<br \/>\n<\/em><\/span><span style=\"color: #999999;\"><em>Clickara\u00e7oiaba o Primeiro Portal de Not\u00edcias de Ara\u00e7oiaba da Serra, no ar desde 1999.<\/em><\/span><\/p>\n","protected":false},"excerpt":{"rendered":"<p>Consulte seu aux\u00edlio e saiba como contestar caso n\u00e3o esteja aprovado Para receber o aux\u00edlio \u00e9 preciso cumprir todos os crit\u00e9rios a seguir Ter, no m\u00ednimo, 18 anos de idade (exceto m\u00e3es adolescentes) N\u00e3o possuir indicativo de falecimento N\u00e3o receber seguro desemprego ou seguro defeso N\u00e3o possuir renda formal como agente p\u00fablico (RAIS) N\u00e3o ser&#8230;<\/p>\n","protected":false},"author":1,"featured_media":6532,"comment_status":"open","ping_status":"open","sticky":false,"template":"","format":"standard","meta":{"magazine_newspaper_sidebar_layout":"","footnotes":""},"categories":[2,3,105],"tags":[889,886,885,887,888],"class_list":["post-6531","post","type-post","status-publish","format-standard","has-post-thumbnail","hentry","category-brasil","category-pandemia","category-policia","tag-auxilio-emergencial-2021-negado-o-que-devo-fazer","tag-auxilio-emergencial-negado-o-que-fazer","tag-como-contestar-auxilio-emergencial-negado","tag-como-recorrer-auxilio-emergencial-negado","tag-meu-auxilio-foi-negado-injustamente-o-que-devo-fazer"],"_links":{"self":[{"href":"https:\/\/www.clickaracoiaba.com.br\/index.php?rest_route=\/wp\/v2\/posts\/6531","targetHints":{"allow":["GET"]}}],"collection":[{"href":"https:\/\/www.clickaracoiaba.com.br\/index.php?rest_route=\/wp\/v2\/posts"}],"about":[{"href":"https:\/\/www.clickaracoiaba.com.br\/index.php?rest_route=\/wp\/v2\/types\/post"}],"author":[{"embeddable":true,"href":"https:\/\/www.clickaracoiaba.com.br\/index.php?rest_route=\/wp\/v2\/users\/1"}],"replies":[{"embeddable":true,"href":"https:\/\/www.clickaracoiaba.com.br\/index.php?rest_route=%2Fwp%2Fv2%2Fcomments&post=6531"}],"version-history":[{"count":0,"href":"https:\/\/www.clickaracoiaba.com.br\/index.php?rest_route=\/wp\/v2\/posts\/6531\/revisions"}],"wp:featuredmedia":[{"embeddable":true,"href":"https:\/\/www.clickaracoiaba.com.br\/index.php?rest_route=\/wp\/v2\/media\/6532"}],"wp:attachment":[{"href":"https:\/\/www.clickaracoiaba.com.br\/index.php?rest_route=%2Fwp%2Fv2%2Fmedia&parent=6531"}],"wp:term":[{"taxonomy":"category","embeddable":true,"href":"https:\/\/www.clickaracoiaba.com.br\/index.php?rest_route=%2Fwp%2Fv2%2Fcategories&post=6531"},{"taxonomy":"post_tag","embeddable":true,"href":"https:\/\/www.clickaracoiaba.com.br\/index.php?rest_route=%2Fwp%2Fv2%2Ftags&post=6531"}],"curies":[{"name":"wp","href":"https:\/\/api.w.org\/{rel}","templated":true}]}}