{"id":6406,"date":"2021-01-03T19:33:39","date_gmt":"2021-01-03T22:33:39","guid":{"rendered":"http:\/\/www.clickaracoiaba.com.br\/?p=6406"},"modified":"2021-01-03T19:33:39","modified_gmt":"2021-01-03T22:33:39","slug":"em-decretos-manga-amplia-frota-de-onibus-e-cria-comissao-de-vacinacao-contra-covid-19","status":"publish","type":"post","link":"https:\/\/www.clickaracoiaba.com.br\/?p=6406","title":{"rendered":"Em decretos, Manga amplia frota de \u00f4nibus e cria comiss\u00e3o de vacina\u00e7\u00e3o contra covid-19"},"content":{"rendered":"<h3><img decoding=\"async\" src=\"http:\/\/www.clickaracoiaba.com.br\/wp-content\/uploads\/2020\/11\/banner-grupo-whatsapp-clickaracoiaba.jpg\" \/><br \/>\n<span style=\"font-size: xx-small; color: #ffffff;\">Not\u00edcias de Ara\u00e7oiaba da Serra, Jornais em Ara\u00e7oiaba da Serra<\/span><br \/>\n<strong>MANGA SURPREENDE COM INICIO DE MANDATO ATUANTE COM DECIS\u00d5ES AL\u00c9M DO HABITUAL<\/strong><\/h3>\n<p class=\"x_MsoNormal\">O prefeito Rodrigo Manga (Republicanos) assinou dois decretos voltados ao combate da pandemia do novo coronav\u00edrus. A assinatura ocorreu nessa \u00faltima sexta-feira (1), ap\u00f3s a cerim\u00f4nia de posse do chefe do Executivo, do secretariado municipal e dos 20 vereadores.<\/p>\n<p class=\"x_MsoNormal\">O primeiro decreto, n\u00ba 26.046, cria uma comiss\u00e3o municipal para operacionaliza\u00e7\u00e3o da vacina\u00e7\u00e3o contra a Covid-19, e o segundo, n\u00ba 26.047, determina a manuten\u00e7\u00e3o da frota integral de ve\u00edculos do transporte p\u00fablico e fiscaliza\u00e7\u00e3o para evitar aglomera\u00e7\u00f5es de passageiros nos terminais e nos ve\u00edculos.<\/p>\n<p class=\"x_MsoNormal\">A cerim\u00f4nia foi encerrada com uma ora\u00e7\u00e3o proferida pela pastora Alice Taconi, seguida de uma ben\u00e7\u00e3o ao prefeito Rodrigo Manga. O chefe do executivo finalizou a sess\u00e3o pedindo especial dedica\u00e7\u00e3o dos secret\u00e1rios com a popula\u00e7\u00e3o que mais necessita de ajuda em Sorocaba.<\/p>\n<div><a href=\"http:\/\/www.clickaracoiaba.com.br\/guia\/empresa\/567\"><img loading=\"lazy\" decoding=\"async\" class=\"aligncenter size-full wp-image-5981\" src=\"http:\/\/www.clickaracoiaba.com.br\/wp-content\/uploads\/2020\/07\/ddplan_690.jpg\" alt=\"\" width=\"690\" height=\"122\" srcset=\"https:\/\/www.clickaracoiaba.com.br\/wp-content\/uploads\/2020\/07\/ddplan_690.jpg 690w, https:\/\/www.clickaracoiaba.com.br\/wp-content\/uploads\/2020\/07\/ddplan_690-300x53.jpg 300w\" sizes=\"auto, (max-width: 690px) 100vw, 690px\" \/><\/a><\/div>\n<div>\n<h4><strong>Confira os nomes e biografia do secretariado municipal:<\/strong><\/h4>\n<p><strong>&#8211; Secret\u00e1ria de Governo &#8211; Am\u00e1lia Samyra da Silva Toledo, 29 anos\u00a0<\/strong><\/p>\n<p>Graduada pelo Centro Universit\u00e1rio Uninter de Sorocaba. Acumula oito anos de experi\u00eancia como assessora parlamentar da C\u00e2mara Municipal de Sorocaba, onde tamb\u00e9m foi Chefe de Gabinete. Atualmente, cursa p\u00f3s-gradua\u00e7\u00e3o em Administra\u00e7\u00e3o P\u00fablica e Gest\u00e3o de Cidades Inteligentes.<\/p>\n<p><strong>&#8211; Secret\u00e1rio de Mobilidade e Desenvolvimento Estrat\u00e9gico &#8211; Dr. Andr\u00e9 Maximiliano Moron Machado, 56 anos<\/strong><\/p>\n<p>Bacharel em Direito pela Faculdade de Direito de Sorocaba. Delegado de Pol\u00edcia concursado, com forma\u00e7\u00e3o na Academia de Pol\u00edcia de S\u00e3o Paulo. Exerceu suas fun\u00e7\u00f5es em v\u00e1rias cidades do interior paulista. Em Sorocaba, atuou \u00e0 frente do Garra (Grupo Armado de Repress\u00e3o a Roubos a M\u00e3o Armada), dando assist\u00eancia \u00e0 Delegacia de Investiga\u00e7\u00f5es Gerais (DIG). Posteriormente, foi Delegado de Pol\u00edcia Titular dessa divis\u00e3o. Transferido para a DISE (Delegacia de Investiga\u00e7\u00f5es Sobre Entorpecentes), atuou em Sorocaba e outros 17 munic\u00edpios da regi\u00e3o na repress\u00e3o ao tr\u00e1fico de entorpecentes e preven\u00e7\u00e3o ao uso de drogas. Em 2005, foi nomeado Delegado Seccional de Pol\u00edcia de Sorocaba, fun\u00e7\u00e3o que exerceu at\u00e9 2013. Atualmente, exercia o cargo de Delegado de Pol\u00edcia Titular do 4.\u00ba Distrito Policial\/Sorocaba (Zona Oeste).<\/p>\n<p><strong>&#8211; Secret\u00e1rio da Cidadania &#8211; Clayton Cesar Marciel Lustosa, 43 anos<\/strong><\/p>\n<p>\u00c9 bacharel em Administra\u00e7\u00e3o pela FIP (Faculdade do Interior Paulista, campus Barra Bonita) e tem p\u00f3s-gradua\u00e7\u00e3o em Gest\u00e3o P\u00fablica pela mesma institui\u00e7\u00e3o de ensino. Foi cabo do Ex\u00e9rcito e assessor de gabinete de Oficial General de Brigada do Minist\u00e9rio da Defesa de S\u00e3o Paulo (1996 \u2013 2004). Deixou o ex\u00e9rcito em 2004 para se tornar empres\u00e1rio no ramo de tecnologia e franquias e posteriormente diretor comercial em empresa privada em Curitiba (PR). Exerceu o cargo de diretor-geral da Secretaria de Rela\u00e7\u00f5es Institucionais da Prefeitura Municipal de Barueri.<\/p>\n<p><strong>&#8211; Secret\u00e1rio de Servi\u00e7os P\u00fablicos e Obras &#8211; Darwin Jos\u00e9 De Almeida Rosa, 43 anos<\/strong><\/p>\n<p>Graduado em Engenharia Civil pela Facens \u2013 Faculdade de Engenharia de Sorocaba, com p\u00f3s-gradua\u00e7\u00e3o em Gest\u00e3o de Projetos e Inova\u00e7\u00e3o, pela mesma institui\u00e7\u00e3o. Possui cursos de especializa\u00e7\u00e3o e participou de eventos de atualiza\u00e7\u00e3o profissional nas \u00e1reas de Pavimenta\u00e7\u00e3o Urbana, Parcelamento do Solo Urbano e Solu\u00e7\u00f5es para Engenharia de Infraestrutura. Trabalhou em empresas de grande porte, tendo participado de importantes projetos de engenharia, como a constru\u00e7\u00e3o da terceira faixa de rodovia e a constru\u00e7\u00e3o de avenidas na cidade.<\/p>\n<p><strong>&#8211; Secret\u00e1rio da Administra\u00e7\u00e3o &#8211; Fausto Bossolo, 39 anos<\/strong><\/p>\n<p>Bacharel em Direito pela FADITU (Faculdade de Direito de Itu) e tem MBA em Gest\u00e3o P\u00fablica pela EPD (Escola Paulista de Direito). Foi Chefe de Gabinete da Alesp (Assembleia Legislativa de S\u00e3o Paulo). Foi coordenador e depois superintendente na CPOS (Companhia Paulista de Obras e Servi\u00e7os do Governo do Estado de S\u00e3o Paulo). Atuou tamb\u00e9m na C\u00e2mara Municipal de S\u00e3o Paulo, como assessor legislativo e chefe de gabinete. Foi assessor jur\u00eddico e cont\u00e1bil em escrit\u00f3rio de advocacia e trabalhou na \u00e1rea administrativa na iniciativa privada. Iniciou a carreira profissional na \u00e1rea do Direito em uma grande montadora multinacional.<\/p>\n<p><strong>&#8211; Secret\u00e1rio da Fazenda &#8211; Israel Evangelista Borges De Oliveira, 52 anos<\/strong><\/p>\n<p>Graduado em Jornalismo, com especializa\u00e7\u00e3o em Finan\u00e7as P\u00fablicas, em Contabilidade P\u00fablica e com gradua\u00e7\u00e3o em Gest\u00e3o P\u00fablica. Atuou como diretor assistente na Prefeitura de Diadema, onde desempenhou tamb\u00e9m as fun\u00e7\u00f5es de secret\u00e1rio interino de Finan\u00e7as e de coordenador do Programa de Desenvolvimento Econ\u00f4mico. Foi diretor de Planejamento e Execu\u00e7\u00e3o Or\u00e7ament\u00e1ria da Secretaria Municipal de Economia e Finan\u00e7as de Itu. Foi assessor da Secretaria dos Neg\u00f3cios da Fazenda de Osasco. Possui v\u00e1rios cursos de especializa\u00e7\u00e3o na \u00e1rea da Administra\u00e7\u00e3o P\u00fablica e Finan\u00e7as P\u00fablicas.<\/p>\n<p><strong>&#8211; Controladoria Geral do Munic\u00edpio &#8211; Jo\u00e3o Alberto Corr\u00eaa Maia, 50 anos<\/strong><\/p>\n<p>Tecn\u00f3logo em Gest\u00e3o Hospitalar na UNOPAR (Universidade Norte do Paran\u00e1). Foi vice-presidente de ONG internacional e acumula 20 anos de experi\u00eancia no desenvolvimento de projetos e gest\u00e3o na \u00e1rea. Atuou na Coordenadoria de Pol\u00edticas sobre Drogas da Secretaria de Igualdade e Assist\u00eancia Social de Sorocaba.<\/p>\n<p><strong>&#8211; Secret\u00e1rio da Cultura \u00a0&#8211; Luiz Ant\u00f4nio Zamuner, 55 anos<\/strong><\/p>\n<p>Graduado pela Universidade S\u00e3o Francisco, campus Bragan\u00e7a Paulista. Foi presidente da FUNDEC &#8211; Funda\u00e7\u00e3o Cultural Mantenedora da Orquestra Sinf\u00f4nica de Sorocaba e do IMMS &#8211; Instituto Municipal de M\u00fasica de Sorocaba por duas gest\u00f5es (2016-2019). Foi diretor t\u00e9cnico da Orquestra Sinf\u00f4nica de Sorocaba e do Instituto Municipal de M\u00fasica (2008 \u2013 2013). Atualmente, \u00e9 diretor de Comunica\u00e7\u00e3o da APCD Central, presidente do Conselho Superior da FUNDEC Sorocaba, membro do Conselho Consultivo do MACS &#8211; Museu de Arte Contempor\u00e2nea de Sorocaba, membro eleito do Conselho Superior da FADI &#8211; Faculdade de Direito de Sorocaba e membro do Conselho Superior da FUA &#8211; Funda\u00e7\u00e3o Ubaldino do Amaral. Integra tamb\u00e9m o Conselho Editorial do Jornal Cruzeiro do Sul (2018- 2022), o Conselho Superior do Hospital Jardim das Ac\u00e1cias, o Conselho Superior do Lar Escola Monteiro Lobato de Sorocaba, onde j\u00e1 foi diretor educacional, o Conselho Superior Asilo Vila dos Velhinhos, onde \u00e9 tamb\u00e9m vice-presidente, e o Conselho Superior da Funda\u00e7\u00e3o Cruzeiro do Sul.<\/p>\n<p><strong>&#8211; Urbes \u2013 Tr\u00e2nsito e Transporte &#8211; Luiz Carlos Siqueira Franchim, 69 anos<\/strong><\/p>\n<p>Graduado em Economia e Administra\u00e7\u00e3o de Empresas pela FAAP (Faculdade Armando \u00c1lvares Penteado). Soma mais de 40 anos de experi\u00eancia na \u00e1rea de administra\u00e7\u00e3o em Transporte P\u00fablico. Foi secret\u00e1rio de Mobilidade e Acessibilidade de Sorocaba, bem como exerceu o cargo de presidente da Urbes. Atuou na Administra\u00e7\u00e3o e Fiscaliza\u00e7\u00e3o do Sistema de Transporte Urbano de S\u00e3o Paulo. Tamb\u00e9m atuou na cria\u00e7\u00e3o, consolida\u00e7\u00e3o e implanta\u00e7\u00e3o do Metr\u00f4 paulistano. Trabalhou, ainda, na \u00e1rea administrativa da Artesp (Ag\u00eancia de Transporte do Estado de S\u00e3o Paulo) e na remodela\u00e7\u00e3o e consolida\u00e7\u00e3o do Sistema de Fiscaliza\u00e7\u00e3o do Transporte Rodovi\u00e1rio regular e fretamento do estado de S\u00e3o Paulo.<\/p>\n<p><strong>&#8211; Secret\u00e1rio de Rela\u00e7\u00f5es Institucionais e Metropolitanas &#8211; Luiz Henrique Galv\u00e3o, 32 anos<\/strong><\/p>\n<p>Tem forma\u00e7\u00e3o de Tecnologia em Marketing pela UNOPAR (Universidade Norte do Paran\u00e1). Atuou como supervisor de vendas em empresas da iniciativa privada, onde acumulou experi\u00eancia em gest\u00e3o de equipes, treinamento profissional com foco em lideran\u00e7a e realiza\u00e7\u00e3o de eventos, al\u00e9m do dom\u00ednio de processos administrativos. Trabalhou tamb\u00e9m nas \u00e1reas de Marketing e Merchandising, desenvolvimento, promo\u00e7\u00e3o e distribui\u00e7\u00e3o de produtos. Atualmente, desempenhada fun\u00e7\u00e3o de gerenciamento de produtos, comunica\u00e7\u00e3o, distribui\u00e7\u00e3o e vendas em empresa distribuidora do setor farmac\u00eautico.<\/p>\n<p><strong>&#8211; Parque Tecnol\u00f3gico de Sorocaba &#8211; Nelson Tadeu Cancellara, 52 anos<\/strong><\/p>\n<p>Graduado em Administra\u00e7\u00e3o de Empresas pela Unicid (Universidade Cidade de S\u00e3o Paulo). Cursou quatro anos de Engenharia Mec\u00e2nica e tem forma\u00e7\u00e3o t\u00e9cnica em Mec\u00e2nica pelo Instituto Federal de S\u00e3o Paulo. Possui MBA em Gest\u00e3o Empresarial pela FGV (Funda\u00e7\u00e3o Get\u00falio Vargas). Atuou como gestor administrativo em v\u00e1rias empresas de m\u00e9dio e grande porte nacionais e multinacionais, tendo 30 anos de experi\u00eancia nessa \u00e1rea. Foi gestor executivo da primeira Incubadora de Empresas de Sorocaba, criada pelas entidades CIESP, Prefeitura Municipal de Sorocaba e Sebrae. Integrou a equipe que idealizou o Parque Tecnol\u00f3gico de Sorocaba (PTS), tendo sido o primeiro Presidente da Gestora do PTS e foi presidente do Conselho Administrativo. Foi diretor executivo do Parque Tecnol\u00f3gico, onde contribuiu com a cria\u00e7\u00e3o de mais de 45 startups.<\/p>\n<p><strong>&#8211; Secret\u00e1rio de Planejamento &#8211; Paulo Henrique Marcelo, 52 anos<\/strong><\/p>\n<p>Forma\u00e7\u00e3o em Marketing pelo Col\u00e9gio Uirapuru, com cursos de lideran\u00e7a, gerenciamento, propaganda e promo\u00e7\u00e3o. Atuou durante 23 anos em empresa multinacional, em cargos de supervis\u00e3o, gerenciamento e coordena\u00e7\u00e3o nas \u00e1reas de Marketing, Planejamento Estrat\u00e9gico e de Gest\u00e3o de Pessoas. Ainda foi diretor de empresa de distribui\u00e7\u00e3o de alimentos e vinha atuando, desde 2017, como Chefe de Gabinete na C\u00e2mara Municipal de Sorocaba.<\/p>\n<p><strong>&#8211; Secret\u00e1rio de Esportes e Lazer &#8211; Pedro Roberto Pereira De Souza, 63 anos<\/strong><\/p>\n<p>Graduado em Educa\u00e7\u00e3o F\u00edsica pela Universidade Estadual de Maring\u00e1 (PR), p\u00f3s-graduado em Administra\u00e7\u00e3o e Marketing pela Universidade de Sorocaba (Uniso), com est\u00e1gio em Esporte na Universidade do Pac\u00edfico, em Stockton, na Calif\u00f3rnia (EUA). Foi preparador f\u00edsico do futebol profissional de v\u00e1rios clubes dos estados do Paran\u00e1 e de S\u00e3o Paulo, como Mar\u00edlia e Coritiba, al\u00e9m da Sele\u00e7\u00e3o Paranaense de Juniores. Tamb\u00e9m foi preparador f\u00edsico de times de basquete, como Monte L\u00edbano, Prudentina e Minercal, al\u00e9m das Sele\u00e7\u00f5es Brasileiras masculina e feminina de Basquete, nas d\u00e9cadas de 1970 e 1980. Foi dirigente dos times de basquete Arisco Minercal, Constecca e Leite Mo\u00e7a e do voleibol nos times Leite Mo\u00e7a e Leites Nestl\u00e9 (1990 a 1996), Atl\u00e9tico Sorocaba (1992 a 1996) e Esporte Clube S\u00e3o Bento (2002 e 2004). Atualmente, \u00e9 vice-presidente do Conselho Regional de Educa\u00e7\u00e3o F\u00edsica do estado de S\u00e3o Paulo e presidente do Panathlon Internacional &#8211; Distrito Brasil. \u00c9 membro do Conselho Estadual de Esportes, do Conselho Municipal de Esportes de Sorocaba, da Comiss\u00e3o Permanente de Avalia\u00e7\u00e3o da Escola de Educa\u00e7\u00e3o F\u00edsica da Pol\u00edcia Militar, do CONDESPORTE &#8211; Conselho Superior de Esportes e do CODE \u2013 Cadeia Produtiva do Esporte na FIESP (Federa\u00e7\u00e3o das Ind\u00fastrias do Estado de S\u00e3o Paulo) e Delegado da Federa\u00e7\u00e3o de Internacional de Educa\u00e7\u00e3o F\u00edsica \u2013 Regional de S\u00e3o Paulo.<\/p>\n<p><strong>&#8211; Secret\u00e1rio de Desenvolvimento Econ\u00f4mico, Trabalho e Turismo &#8211; Robson Coivo, 44 anos<\/strong><\/p>\n<p>Possui forma\u00e7\u00e3o t\u00e9cnica em Gest\u00e3o Mercadol\u00f3gica pela UNIP \u2013 Univrsidade Paulista. Foi chefe de gabinete na C\u00e2mara Municipal de Sorocaba. Foi Secret\u00e1rio de Desenvolvimento Econ\u00f4mico, Trabalho e Turismo de Sorocaba. \u00c9 empres\u00e1rio h\u00e1 24 anos na cidade.<\/p>\n<p><strong>&#8211; Saae \u2013 Servi\u00e7o Aut\u00f4nomo de \u00c1gua e Esgoto &#8211; Ronald Pereira da Silva, 47 anos<\/strong><\/p>\n<p>Graduado em Direito pela Faculdade de Direito de Itu (FADITU). Tem curso de extens\u00e3o em Forma\u00e7\u00e3o de Agentes de Vendas e Dirigentes Comerciais pela Unicamp. Possui MBA em Vendas e Trade Marketing pela ESAMC. Foi diretor t\u00e9cnico do DAEE (Departamento de \u00c1guas e Energia El\u00e9trica do Estado de S\u00e3o Paulo). Exerceu o cargo de diretor-geral do SAAE (Servi\u00e7o Aut\u00f4nomo de \u00c1gua e Esgoto de Sorocaba) e foi secret\u00e1rio municipal da Secretaria de Recursos H\u00eddricos da Prefeitura de Sorocaba. Tamb\u00e9m atuou em diferentes companhias da \u00e1rea de petr\u00f3leo e derivados. Foi assessor t\u00e9cnico parlamentar na Alesp (Assembleia Legislativa do Estado de S\u00e3o Paulo). Iniciou profissionalmente na Urbes (Empresa de Desenvolvimento Urbano e Social de Sorocaba), na \u00e1rea administrativa. Atualmente, exerce o cargo de assessor da diretoria de Tecnologia, Infraestrutura e Meio Ambiente da Sabesb (Companhia de Saneamento B\u00e1sico do Estado de S\u00e3o Paulo).<\/p>\n<p><strong>&#8211; Secret\u00e1rio do Meio Ambiente, Bem-Estar e Prote\u00e7\u00e3o Animal \u2013 Dr. Antonio Prieto Neto, 39 anos<\/strong><\/p>\n<p>Graduado em Medicina Veterin\u00e1ria pela Universidade de Esp\u00edrito Santo do Pinhal \u2013 Unipinhal. Atualmente, cursa MBA em Gest\u00e3o e Marketing em Agroneg\u00f3cios na Cesumar. H\u00e1 15 anos atuante na causa do bem-estar e prote\u00e7\u00e3o animal, auxiliando entidades e \u00f3rg\u00e3os de prote\u00e7\u00e3o do setor.<\/p>\n<p><strong>&#8211; \u00a0Secret\u00e1ria de Comunica\u00e7\u00e3o \u2013 Fernanda Burattini Monteiro de Carvalho, 42 anos<\/strong><\/p>\n<p>Graduada em Jornalismo pela Faculdade C\u00e1sper L\u00edbero, de S\u00e3o Paulo. MBA em Marketing pela Escola Superior de Administra\u00e7\u00e3o, Marketing e Comunica\u00e7\u00e3o \u2013 ESAMC Sorocaba. Atuou como rep\u00f3rter na antiga A Gazeta Esportiva, em ve\u00edculos do Grupo Folha de S. Paulo e em ag\u00eancias de comunica\u00e7\u00e3o e publicidade na capital paulista e no interior. Foi professora dos cursos de Jornalismo e Publicidade e Propaganda na ESAMC Sorocaba por oito anos. Atualmente, dirige empresa de Comunica\u00e7\u00e3o pr\u00f3pria, atendendo empresas de variados segmentos.<\/p>\n<p><strong>&#8211; Secret\u00e1ria Jur\u00eddica \u2013 Dra. Luciana Mendes da Fonseca, 37 anos<\/strong><\/p>\n<p>Bacharel em Direito pela Universidade Centro de Ensino Unificado do Maranh\u00e3o \u2013 CEUMA. Certificada no curso de Prepara\u00e7\u00e3o \u00e0 Magistratura pela Escola Superior de Magistratura do Estado do Maranh\u00e3o e P\u00f3s-graduada em Ci\u00eancias Criminais pela Rede LFG \u2013 Lu\u00eds Fl\u00e1vio Gomes. Foi secret\u00e1ria parlamentar na C\u00e2mara dos Deputados, em Bras\u00edlia &#8211; DF. Participou, como congressista, de eventos como o Congresso Brasileiro de Direito Constitucional Direitos Fundamentais e Democracia no Mundo Globalizado. Atualmente, advoga em escrit\u00f3rio pr\u00f3prio, com atua\u00e7\u00e3o nas \u00e1reas do Direito Civil, Criminal, Eleitoral, Administrativo, de Fam\u00edlia e do Consumidor.<\/p>\n<p><strong>&#8211; Secret\u00e1rio de Educa\u00e7\u00e3o \u2013 M\u00e1rcio Bortolli Carrara, 41 anos<\/strong><\/p>\n<p>Formado em Pedagogia, com licenciatura plena, pela Universidade de Sorocaba (Uniso). P\u00f3s-graduado com especializa\u00e7\u00e3o em Alfabetiza\u00e7\u00e3o e Letramento pela Faculdade de Aldeia de Carapicu\u00edba e em Psicopedagogia Institucional pela Faculdade de Conchas. Foi aluno especial da p\u00f3s-gradua\u00e7\u00e3o em disciplina da \u00e1rea de Educa\u00e7\u00e3o da UFSCar. Foi chefe de Se\u00e7\u00e3o de Pol\u00edticas Educacionais e gestor educacional da Secretaria da Educa\u00e7\u00e3o do munic\u00edpio, com gest\u00e3o de equipes e de programas do governo federal. Atuou como docente no Ensino Infantil, Ensino Fundamental II e Ensino M\u00e9dio das redes p\u00fablica e privada. Atualmente, \u00e9 professor da rede municipal de Sorocaba, no Ensino Fundamental I.<\/p>\n<p><strong>&#8211; Secret\u00e1rio de Recursos Humanos \u2013 Dr. Rodrigo Onofre, 37 anos<\/strong><\/p>\n<p>Bacharel em Direito pela Universidade de Sorocaba (Uniso). P\u00f3s-graduado em Direito do Trabalho e Processual do Trabalho pela Faditu. Foi analista financeiro de empresa multinacional; assessor jur\u00eddico na C\u00e2mara Municipal de Sorocaba; consultor financeiro independente e analista administrativo na iniciativa privada. Foi membro da Comiss\u00e3o de Direito do Trabalho da Ordem dos Advogados do Brasil (OAB) &#8211; Subse\u00e7\u00e3o de Sorocaba. Ocupou o cargo de secret\u00e1rio jur\u00eddico da C\u00e2mara Municipal de Sorocaba e atuou, desde 2017, como assessor jur\u00eddico no Legislativo sorocabano.<\/p>\n<p><strong>&#8211; Fundo Social de Solidariedade \u2013 presidente Sirlange Frate Maganhato, 41 anos<\/strong><\/p>\n<p>Graduada em Comunica\u00e7\u00e3o Social (Publicidade e Propaganda) pela Unip \u2013 Universidade Paulista de Sorocaba. Especializou-se em Marketing Digital e Eleitoral. Possui diversos cursos nessas \u00e1reas e, atualmente, inicia p\u00f3s-gradua\u00e7\u00e3o em An\u00e1lise e Marketing Pol\u00edtico na Faculdade Republicana.<\/p>\n<p><strong>&#8211; Secret\u00e1rio de Habita\u00e7\u00e3o e Regulariza\u00e7\u00e3o Fundi\u00e1ria \u2013 Tiago da Guia Oliveira, 33 anos<\/strong><\/p>\n<p>\u00c9 arquiteto e urbanista com Mestrado em Sustentabilidade na Gest\u00e3o Ambiental pela UFSCar e MBA em Administra\u00e7\u00e3o P\u00fablica e Gest\u00e3o de Cidades pela UNIDERP. Pesquisador na \u00e1rea de habita\u00e7\u00e3o social, vazios urbanos e avalia\u00e7\u00e3o p\u00f3s-ocupa\u00e7\u00e3o. Possui mestrado em Sustentabilidade na Gest\u00e3o Ambiental, al\u00e9m de especializa\u00e7\u00e3o em Administra\u00e7\u00e3o P\u00fablica e Gest\u00e3o de Cidades, pela Uniderp, de Campo Grande. Atualmente, cursa p\u00f3s-gradua\u00e7\u00e3o Master em Neuroarquitetura pelo IPOG, de Goi\u00e1s, e \u00e9 docente no curso de Arquitetura e Urbanismo da Universidade de Sorocaba (UNISO), al\u00e9m de atuar como arquiteto na Secretaria da Habita\u00e7\u00e3o e Regulariza\u00e7\u00e3o Fundi\u00e1ria da Prefeitura de Sorocaba.<\/p>\n<p><strong>&#8211; Secret\u00e1rio da Sa\u00fade \u2013 Dr. Vinicius Rodrigues, 32 anos<\/strong><\/p>\n<p>M\u00e9dico imagenologista, formado pela Faculdade de Medicina Estadual de Mar\u00edlia. Cursou resid\u00eancia m\u00e9dica em Radiologia e Diagn\u00f3stico por Imagem na mesma institui\u00e7\u00e3o. Foi coordenador do Servi\u00e7o de Diagn\u00f3sticos do Hospital Regional de Sorocaba \u201cAdib Jatene\u201d. Atualmente, exerce suas atividades em diversos servi\u00e7os p\u00fablicos e particulares em Sorocaba e regi\u00e3o.<\/p>\n<p><strong>&#8211; Secret\u00e1rio de Seguran\u00e7a Urbana \u2013 Cel. Vitor Maur\u00edcio Gusm\u00e3o Lopes, 59 anos<\/strong><\/p>\n<p>Coronel na Reserva da Pol\u00edcia Militar do Estado de S\u00e3o Paulo. Fez o curso de forma\u00e7\u00e3o de Oficiais na Academia da Pol\u00edcia Militar do Barro Branco. Foi Comandante de Grupamento de Bombeiros, Comandante de Batalh\u00e3o (Sorocaba \u2013 Itu \u2013 Votorantim) e Chefe do Estado Maior do Comando de Policiamento do Interior 7 \u2013 Sorocaba. \u00c9 bacharel em Direito pela Faculdade de Direito de Guarulhos, com p\u00f3s-gradua\u00e7\u00e3o em Gest\u00e3o Integrada e p\u00f3s-gradua\u00e7\u00e3o em Pol\u00edticas e Gest\u00e3o em Seguran\u00e7a P\u00fablica pela Universidade de Sorocaba &#8211; Uniso. \u00c9 instrutor de Educa\u00e7\u00e3o F\u00edsica e tem Licenciatura Plena nesta \u00e1rea e \u00e9 graduado em Gest\u00e3o de Seguran\u00e7a Privada pela Universidade Paulista \u2013 Campus Sorocaba. Atualmente, \u00e9 gestor de seguran\u00e7a em um grande centro comercial na cidade de Sorocaba.<\/p>\n<\/div>\n<div><span style=\"color: #999999;\"><em>Mat\u00e9ria: Aur\u00e9lio Fid\u00eancio<\/em><\/span><br \/>\n<span style=\"color: #999999;\"><em>CLICKARA\u00c7OIABA &#8211; Desde 1999<\/em><\/span><\/div>\n<div class=\"o9v6fnle cxmmr5t8 oygrvhab hcukyx3x c1et5uql ii04i59q\"><\/div>\n","protected":false},"excerpt":{"rendered":"<p>Not\u00edcias de Ara\u00e7oiaba da Serra, Jornais em Ara\u00e7oiaba da Serra MANGA SURPREENDE COM INICIO DE MANDATO ATUANTE COM DECIS\u00d5ES AL\u00c9M DO HABITUAL O prefeito Rodrigo Manga (Republicanos) assinou dois decretos voltados ao combate da pandemia do novo coronav\u00edrus. A assinatura ocorreu nessa \u00faltima sexta-feira (1), ap\u00f3s a cerim\u00f4nia de posse do chefe do Executivo, do&#8230;<\/p>\n","protected":false},"author":1,"featured_media":6407,"comment_status":"open","ping_status":"open","sticky":false,"template":"","format":"standard","meta":{"magazine_newspaper_sidebar_layout":"","footnotes":""},"categories":[9,140],"tags":[],"class_list":["post-6406","post","type-post","status-publish","format-standard","has-post-thumbnail","hentry","category-politica","category-sorocaba"],"_links":{"self":[{"href":"https:\/\/www.clickaracoiaba.com.br\/index.php?rest_route=\/wp\/v2\/posts\/6406","targetHints":{"allow":["GET"]}}],"collection":[{"href":"https:\/\/www.clickaracoiaba.com.br\/index.php?rest_route=\/wp\/v2\/posts"}],"about":[{"href":"https:\/\/www.clickaracoiaba.com.br\/index.php?rest_route=\/wp\/v2\/types\/post"}],"author":[{"embeddable":true,"href":"https:\/\/www.clickaracoiaba.com.br\/index.php?rest_route=\/wp\/v2\/users\/1"}],"replies":[{"embeddable":true,"href":"https:\/\/www.clickaracoiaba.com.br\/index.php?rest_route=%2Fwp%2Fv2%2Fcomments&post=6406"}],"version-history":[{"count":0,"href":"https:\/\/www.clickaracoiaba.com.br\/index.php?rest_route=\/wp\/v2\/posts\/6406\/revisions"}],"wp:featuredmedia":[{"embeddable":true,"href":"https:\/\/www.clickaracoiaba.com.br\/index.php?rest_route=\/wp\/v2\/media\/6407"}],"wp:attachment":[{"href":"https:\/\/www.clickaracoiaba.com.br\/index.php?rest_route=%2Fwp%2Fv2%2Fmedia&parent=6406"}],"wp:term":[{"taxonomy":"category","embeddable":true,"href":"https:\/\/www.clickaracoiaba.com.br\/index.php?rest_route=%2Fwp%2Fv2%2Fcategories&post=6406"},{"taxonomy":"post_tag","embeddable":true,"href":"https:\/\/www.clickaracoiaba.com.br\/index.php?rest_route=%2Fwp%2Fv2%2Ftags&post=6406"}],"curies":[{"name":"wp","href":"https:\/\/api.w.org\/{rel}","templated":true}]}}