{"id":5688,"date":"2020-03-18T15:54:46","date_gmt":"2020-03-18T18:54:46","guid":{"rendered":"http:\/\/www.clickaracoiaba.com.br\/?p=5688"},"modified":"2020-03-18T15:54:46","modified_gmt":"2020-03-18T18:54:46","slug":"sobe-para-17-o-numero-de-integrantes-da-comitiva-presidencial-que-foi-aos-eua-e-estao-contaminados-pelo-covid-19-dos","status":"publish","type":"post","link":"https:\/\/www.clickaracoiaba.com.br\/?p=5688","title":{"rendered":"Sobe para 17 o n\u00famero de integrantes da comitiva presidencial que foi aos EUA e est\u00e3o contaminados pelo Covid-19 dos"},"content":{"rendered":"<blockquote>\n<ul>\n<li style=\"text-align: center;\">PARTICIPE DE NOSSOS GRUPOS NO WHATSAPP:<br \/>\n<a href=\"http:\/\/www.clickaracoiaba.com.br\/?page_id=3899\">[click aqui]<\/a><br \/>\n<span style=\"color: #0000ff;\">E siga as instru\u00e7\u00f5es<\/span><\/li>\n<\/ul>\n<\/blockquote>\n<h3 class=\"entry-title\">AL\u00c9M DESTES INTEGRANTES H\u00c1 BOATOS QUE O PRESIDENTE TAMB\u00c9M ESTEJA CONTAMINADO COM O V\u00cdRUS<\/h3>\n<p><a href=\"http:\/\/www.clickaracoiaba.com.br\/guia\/empresa\/653\"><img loading=\"lazy\" decoding=\"async\" class=\"aligncenter wp-image-4774 size-full\" src=\"http:\/\/www.clickaracoiaba.com.br\/wp-content\/uploads\/2019\/04\/clinica-harmonia-aracoiaba-690x361.jpg\" alt=\"\" width=\"690\" height=\"361\" srcset=\"https:\/\/www.clickaracoiaba.com.br\/wp-content\/uploads\/2019\/04\/clinica-harmonia-aracoiaba-690x361.jpg 690w, https:\/\/www.clickaracoiaba.com.br\/wp-content\/uploads\/2019\/04\/clinica-harmonia-aracoiaba-690x361-300x157.jpg 300w\" sizes=\"auto, (max-width: 690px) 100vw, 690px\" \/><\/a><\/p>\n<p>O presidente da Rep\u00fablica Jair Bolsonaro afirmou que mais um integrante da comitiva que o acompanhou em viagem aos Estados Unidos, o ministro de Minas e Energia, almirante Bento Costa, testou positivo para covid-19.<\/p>\n<p>Nesta quarta-feira, 18, o ministro-chefe do Gabinete de Seguran\u00e7a Institucional (GSI) general Augusto Heleno testou positivo para o v\u00edrus. Heleno afirmou em sua conta no Twitter que est\u00e1 assintom\u00e1tico, isolado em casa e aguardando o resultado da contraprova. Este foi o segundo exame feito pelo ministro. No dia 12 de mar\u00e7o, o resultado deu negativo.<\/p>\n<p>\u201cInformo que o resultado do meu segundo exame, realizado no HFA, acusou positivo. Aguardo a contraprova da Fio Cruz. Estou sem febre e n\u00e3o apresento qualquer dos sintomas relacionados ao Covid-19. Estou isolado, em casa, e n\u00e3o atenderei telefonemas\u201d, publicou Heleno em uma rede social.<\/p>\n<p>Com isso sobe para 17 o n\u00famero de integrantes da comitiva presidencial que esteve com Donald Trump nos EUA.<\/p>\n<p><strong>Sobre a poss\u00edvel contamina\u00e7\u00e3o de Bolsonaro<\/strong><\/p>\n<p>Especula-se que o presidente Jair Messias Bolsonaro supostamente esteja contaminado com o v\u00edrus por\u00e9m \u00a0teria optado em n\u00e3o divulgar sua situa\u00e7\u00e3o para evitar caos na economia e consequentemente a desestabiliza\u00e7\u00e3o do governo, essa informa\u00e7\u00e3o esta circulando na internet e at\u00e9 o momento essa informa\u00e7\u00e3o n\u00e3o foi confirmada por nenhum ve\u00edculo de informa\u00e7\u00e3o confi\u00e1vel, portanto deve ser ignorada.<\/p>\n<div>\n<div class=\"mc-column content-text active-extra-styles \" data-block-type=\"unstyled\" data-block-weight=\"36\" data-block-id=\"6\">\n<div class=\"mc-column content-text active-extra-styles \" data-block-type=\"unstyled\" data-block-weight=\"27\" data-block-id=\"5\">\n<p><em style=\"font-size: 14px;\">Edi\u00e7\u00e3o: Aur\u00e9lio Fid\u00eancio<br \/>\nFonte: G1, Veja, Secom Governo Federal<br \/>\n<\/em><em style=\"font-size: 14px;\">Clickara\u00e7oiaba, O primeiro Portal Online de Ara\u00e7oiaba da Serra \u2013 SP &#8211;\u00a0Desde 1999<br \/>\n<\/em><em style=\"font-size: 14px;\"><strong>Curta nossa p\u00e1gina no Facebook:<br \/>\n<\/strong><\/em><em style=\"font-size: 14px;\"><a href=\"https:\/\/www.facebook.com\/clickaracoiaba\" target=\"_blank\" rel=\"noopener\">https:\/\/www.facebook.com\/clickaracoiaba<\/a><\/em><\/p>\n<\/div>\n<\/div>\n<\/div>\n<div>\n<div class=\"mc-column content-text active-extra-styles \" data-block-type=\"unstyled\" data-block-weight=\"36\" data-block-id=\"6\">\n<div class=\"mc-column content-text active-extra-styles \" data-block-type=\"unstyled\" data-block-weight=\"27\" data-block-id=\"5\">\n<hr \/>\n<h3>APROVEITE E VEJA NOSSA \u00daLTIMA PUBLICA\u00c7\u00c3O EM V\u00cdDEO:<\/h3>\n<p>Ap\u00f3s assistir deixe seu coment\u00e1rio no v\u00eddeo, sua opini\u00e3o \u00e9 muito importante para o Jornalismo Clickara\u00e7oiaba.<\/p>\n<p><iframe loading=\"lazy\" src=\"https:\/\/www.youtube.com\/embed\/videoseries?list=PL772UmuGPWXB1E61svcDpE4JwC3DGpMXj&amp;controls=0&amp;showinfo=0\" width=\"690\" height=\"400\" frameborder=\"0\" allowfullscreen=\"allowfullscreen\"><\/iframe><\/p>\n<\/div>\n<\/div>\n<\/div>\n<blockquote>\n<blockquote class=\"modern-quote full\">\n<h3><em><strong><a href=\"http:\/\/www.clickaracoiaba.com.br\/guia\/p\/19\/Anuncie_conosco.html\" target=\"_blank\" rel=\"noopener\">Voc\u00ea est\u00e1 lendo isso? Seu futuro cliente tamb\u00e9m est\u00e1! Anuncie no Guia\u00a0<\/a><\/strong><\/em><em><strong><a href=\"http:\/\/www.clickaracoiaba.com.br\/guia\/p\/19\/Anuncie_conosco.html\" target=\"_blank\" rel=\"noopener\">Comercial do Clickara\u00e7oiaba, custa pouco e d\u00e1 resultado!<\/a><\/strong><\/em><\/h3>\n<\/blockquote>\n<\/blockquote>\n","protected":false},"excerpt":{"rendered":"<p>PARTICIPE DE NOSSOS GRUPOS NO WHATSAPP: [click aqui] E siga as instru\u00e7\u00f5es AL\u00c9M DESTES INTEGRANTES H\u00c1 BOATOS QUE O PRESIDENTE TAMB\u00c9M ESTEJA CONTAMINADO COM O V\u00cdRUS O presidente da Rep\u00fablica Jair Bolsonaro afirmou que mais um integrante da comitiva que o acompanhou em viagem aos Estados Unidos, o ministro de Minas e Energia, almirante Bento&#8230;<\/p>\n","protected":false},"author":1,"featured_media":5689,"comment_status":"open","ping_status":"open","sticky":false,"template":"","format":"standard","meta":{"magazine_newspaper_sidebar_layout":"","footnotes":""},"categories":[2,9,5],"tags":[822,821,823],"class_list":["post-5688","post","type-post","status-publish","format-standard","has-post-thumbnail","hentry","category-brasil","category-politica","category-saude","tag-bolsonaro-contrai-corona-virus","tag-bolsonaro-contrai-covid-19","tag-trump-contrai-corona-virus-de-bolsonaro"],"_links":{"self":[{"href":"https:\/\/www.clickaracoiaba.com.br\/index.php?rest_route=\/wp\/v2\/posts\/5688","targetHints":{"allow":["GET"]}}],"collection":[{"href":"https:\/\/www.clickaracoiaba.com.br\/index.php?rest_route=\/wp\/v2\/posts"}],"about":[{"href":"https:\/\/www.clickaracoiaba.com.br\/index.php?rest_route=\/wp\/v2\/types\/post"}],"author":[{"embeddable":true,"href":"https:\/\/www.clickaracoiaba.com.br\/index.php?rest_route=\/wp\/v2\/users\/1"}],"replies":[{"embeddable":true,"href":"https:\/\/www.clickaracoiaba.com.br\/index.php?rest_route=%2Fwp%2Fv2%2Fcomments&post=5688"}],"version-history":[{"count":0,"href":"https:\/\/www.clickaracoiaba.com.br\/index.php?rest_route=\/wp\/v2\/posts\/5688\/revisions"}],"wp:featuredmedia":[{"embeddable":true,"href":"https:\/\/www.clickaracoiaba.com.br\/index.php?rest_route=\/wp\/v2\/media\/5689"}],"wp:attachment":[{"href":"https:\/\/www.clickaracoiaba.com.br\/index.php?rest_route=%2Fwp%2Fv2%2Fmedia&parent=5688"}],"wp:term":[{"taxonomy":"category","embeddable":true,"href":"https:\/\/www.clickaracoiaba.com.br\/index.php?rest_route=%2Fwp%2Fv2%2Fcategories&post=5688"},{"taxonomy":"post_tag","embeddable":true,"href":"https:\/\/www.clickaracoiaba.com.br\/index.php?rest_route=%2Fwp%2Fv2%2Ftags&post=5688"}],"curies":[{"name":"wp","href":"https:\/\/api.w.org\/{rel}","templated":true}]}}