{"id":5322,"date":"2019-11-01T03:44:06","date_gmt":"2019-11-01T06:44:06","guid":{"rendered":"http:\/\/www.clickaracoiaba.com.br\/?p=5322"},"modified":"2019-11-01T04:01:13","modified_gmt":"2019-11-01T07:01:13","slug":"pacto-com-o-diabo-menina-de-cinco-anos-e-atacada-e-morta-a-facadas-por-homem-em-frente-a-escola","status":"publish","type":"post","link":"https:\/\/www.clickaracoiaba.com.br\/?p=5322","title":{"rendered":"&#8220;Pacto com o diabo&#8221;: menina de cinco anos \u00e9 atacada e morta a facadas por homem em frente a escola"},"content":{"rendered":"<blockquote>\n<h2 style=\"text-align: center;\">PARTICIPE DE NOSSOS GRUPOS NO WHATSAPP:<br \/>\n<a href=\"http:\/\/www.clickaracoiaba.com.br\/?page_id=3899\">[click aqui]<\/a><\/h2>\n<\/blockquote>\n<h3 class=\"entry-title\">duas vidas perdidas<\/h3>\n<p>Uma menina de cinco anos foi morta a facadas na manh\u00e3 desta quarta-feira (30), quando seguia a p\u00e9 para a escola, junto com a bab\u00e1 e o irm\u00e3o de 7 anos, em Betim, na regi\u00e3o metropolitana de Belo Horizonte.<\/p>\n<p>Segundo o boletim de ocorr\u00eancia registrado na Pol\u00edcia Militar de Minas Gerais, o crime ocorreu por volta das 6h30. A bab\u00e1 das crian\u00e7as, Brenda Souza de Andrade, 23, relatou que caminhava de m\u00e3os dadas com elas, quando a menina perdeu o equil\u00edbrio e caiu.<\/p>\n<p>Ainda segundo relato prestado \u00e0 PM, ela conta que olhou para tr\u00e1s e percebeu que um homem teria dado uma facada na crian\u00e7a. Por tr\u00e1s delas, ele tentou continuar desferindo golpes, enquanto a bab\u00e1 pediu que o menino de 7 anos corresse e pegou a menina no colo para proteg\u00ea-la.<\/p>\n<p class=\"selectionShareable\">&#8230;&#8230;&#8230;&#8230; continua &#8230;&#8230;&#8230;&#8230;<\/p>\n<h5>Siga a p\u00e1gina do Clickara\u00e7oiaba do Facebook e fique por dentro das principais not\u00edcias e acontecimentos de Ara\u00e7oiaba da Serra e Capela do Alto.<\/h5>\n<div>\n<h6>APROVEITE [INSCREVA-SE] em nosso canal e assista a nossas \u00faltimas mat\u00e9rias em v\u00eddeo, CLICK NA IMAGEM ABAIXO:<\/h6>\n<p><a href=\"https:\/\/www.youtube.com\/user\/aracoiabadaserra?sub_confirmation=1\" target=\"_blank\" rel=\"noopener\"><img loading=\"lazy\" decoding=\"async\" class=\"aligncenter size-full wp-image-2537\" src=\"http:\/\/www.clickaracoiaba.com.br\/wp-content\/uploads\/2018\/02\/youtube.jpg\" alt=\"\" width=\"700\" height=\"300\" \/><\/a><\/p>\n<\/div>\n<div>\n<div class=\"mc-column content-text active-extra-styles \" data-block-type=\"unstyled\" data-block-weight=\"36\" data-block-id=\"6\">\n<div class=\"mc-column content-text active-extra-styles \" data-block-type=\"unstyled\" data-block-weight=\"27\" data-block-id=\"5\">\n<p class=\"selectionShareable\">&#8230;&#8230;&#8230;&#8230; continua\u00e7\u00e3o &#8230;&#8230;&#8230;&#8230;<\/p>\n<p>A bab\u00e1 contou ainda que, mesmo virando de costas para o autor das facadas, com a crian\u00e7a nos bra\u00e7os, ele continuou atacando, tentando atingir a crian\u00e7a. O boletim da PM diz que a faca usada por ele tinha uma l\u00e2mina de 20 cent\u00edmetros de comprimento.<\/p>\n<p>A menina morreu no local. Segundo a per\u00edcia, ela sofreu cinco perfura\u00e7\u00f5es na nuca, pesco\u00e7o, t\u00f3rax e traqueia.<\/p>\n<p>O homem chegou a fugir por uma rua pr\u00f3xima, mas voltou com a faca minutos depois. Nesse momento, pessoas se aproximaram e tentaram linch\u00e1-lo.<\/p>\n<p>O agressor foi retirado do local pelos policiais militares e encaminhado a uma unidade de pronto-atendimento. No exame, foram identificadas les\u00f5es leves, cortes nas pernas, na m\u00e3o direita e por dentro da boca. Ele foi levado a uma delegacia em seguida.<\/p>\n<p>Questionado sobre a motiva\u00e7\u00e3o para o crime, ele disse aos policiais que &#8220;surtou&#8221; e que &#8220;estava fazendo pacto com o diabo&#8221;. Ele contou tamb\u00e9m que havia passado a noite fumando crack. A PM diz que ele tem 25 anos.<\/p>\n<p>A menina estudava em uma creche municipal pr\u00f3xima do local do crime. Na rua, h\u00e1 c\u00e2meras de vigil\u00e2ncia em uma padaria e em uma escola particular que ser\u00e3o analisadas pela pol\u00edcia.<\/p>\n<h3>Aur\u00e9lio Fid\u00eancio<\/h3>\n<p>Rapaz jovem, com apenas 25 anos, completamente fora de si tira a vida da crian\u00e7a e arru\u00edna sua pr\u00f3pria avida, tudo em nome de um v\u00edcio que poderia ter sido evitado. Mesmo diante de tantas desgra\u00e7as divulgadas diariamente n\u00e3o entendo como pode haver novos viciados todos os dias. Droga \u00e9 um caminho sem volta, pelo menos para a maioria, poucos momentos de prazer podem custar muito caro e ter consequ\u00eancias irrevers\u00edveis, n\u00e3o use drogas, n\u00e3o experimente, n\u00e3o aceite, n\u00e3o de chance para o diabo.<\/p>\n<p><em>Edi\u00e7\u00e3o: Aur\u00e9lio Fid\u00eancio<br \/>\n<\/em><em>Mat\u00e9ria: Fernanda Conofre<br \/>\nFonte: Folhapress<br \/>\n<\/em><em>Clickara\u00e7oiaba, O primeiro Portal Online de Ara\u00e7oiaba da Serra \u2013 SP &#8211;\u00a0Desde 1999<\/em><br \/>\n<em> <strong>Curta nossa p\u00e1gina no Facebook:<\/strong><\/em><br \/>\n<em> <a href=\"https:\/\/www.facebook.com\/clickaracoiaba\" target=\"_blank\" rel=\"noopener\">https:\/\/www.facebook.com\/clickaracoiaba<\/a><\/em><\/p>\n<hr \/>\n<h3>APROVEITE E VEJA NOSSA \u00daLTIMA PUBLICA\u00c7\u00c3O EM V\u00cdDEO:<\/h3>\n<p>Ap\u00f3s assistir deixe seu coment\u00e1rio no v\u00eddeo, sua opini\u00e3o \u00e9 muito importante para o Jornalismo Clickara\u00e7oiaba.<\/p>\n<p><iframe loading=\"lazy\" src=\"https:\/\/www.youtube.com\/embed\/videoseries?list=PL772UmuGPWXB1E61svcDpE4JwC3DGpMXj&amp;controls=0&amp;showinfo=0\" width=\"690\" height=\"400\" frameborder=\"0\" allowfullscreen=\"allowfullscreen\"><\/iframe><\/p>\n<\/div>\n<\/div>\n<\/div>\n<blockquote>\n<blockquote class=\"modern-quote full\">\n<h3><em><strong><a href=\"http:\/\/www.clickaracoiaba.com.br\/guia\/p\/19\/Anuncie_conosco.html\" target=\"_blank\" rel=\"noopener\">Voc\u00ea est\u00e1 lendo isso? Seu futuro cliente tamb\u00e9m est\u00e1! Anuncie no Guia\u00a0<\/a><\/strong><\/em><em><strong><a href=\"http:\/\/www.clickaracoiaba.com.br\/guia\/p\/19\/Anuncie_conosco.html\" target=\"_blank\" rel=\"noopener\">Comercial do Clickara\u00e7oiaba, custa pouco e d\u00e1 resultado!<\/a><\/strong><\/em><\/h3>\n<\/blockquote>\n<p>ERRATA 31\/10\/19 &#8211; 21:41h: Corrigido nome do chefe de estado na ocasi\u00e3o das obras federais.<\/p><\/blockquote>\n","protected":false},"excerpt":{"rendered":"<p>PARTICIPE DE NOSSOS GRUPOS NO WHATSAPP: [click aqui] duas vidas perdidas Uma menina de cinco anos foi morta a facadas na manh\u00e3 desta quarta-feira (30), quando seguia a p\u00e9 para a escola, junto com a bab\u00e1 e o irm\u00e3o de 7 anos, em Betim, na regi\u00e3o metropolitana de Belo Horizonte. Segundo o boletim de ocorr\u00eancia&#8230;<\/p>\n","protected":false},"author":1,"featured_media":5323,"comment_status":"open","ping_status":"open","sticky":false,"template":"","format":"standard","meta":{"magazine_newspaper_sidebar_layout":"","footnotes":""},"categories":[2],"tags":[],"class_list":["post-5322","post","type-post","status-publish","format-standard","has-post-thumbnail","hentry","category-brasil"],"_links":{"self":[{"href":"https:\/\/www.clickaracoiaba.com.br\/index.php?rest_route=\/wp\/v2\/posts\/5322","targetHints":{"allow":["GET"]}}],"collection":[{"href":"https:\/\/www.clickaracoiaba.com.br\/index.php?rest_route=\/wp\/v2\/posts"}],"about":[{"href":"https:\/\/www.clickaracoiaba.com.br\/index.php?rest_route=\/wp\/v2\/types\/post"}],"author":[{"embeddable":true,"href":"https:\/\/www.clickaracoiaba.com.br\/index.php?rest_route=\/wp\/v2\/users\/1"}],"replies":[{"embeddable":true,"href":"https:\/\/www.clickaracoiaba.com.br\/index.php?rest_route=%2Fwp%2Fv2%2Fcomments&post=5322"}],"version-history":[{"count":0,"href":"https:\/\/www.clickaracoiaba.com.br\/index.php?rest_route=\/wp\/v2\/posts\/5322\/revisions"}],"wp:featuredmedia":[{"embeddable":true,"href":"https:\/\/www.clickaracoiaba.com.br\/index.php?rest_route=\/wp\/v2\/media\/5323"}],"wp:attachment":[{"href":"https:\/\/www.clickaracoiaba.com.br\/index.php?rest_route=%2Fwp%2Fv2%2Fmedia&parent=5322"}],"wp:term":[{"taxonomy":"category","embeddable":true,"href":"https:\/\/www.clickaracoiaba.com.br\/index.php?rest_route=%2Fwp%2Fv2%2Fcategories&post=5322"},{"taxonomy":"post_tag","embeddable":true,"href":"https:\/\/www.clickaracoiaba.com.br\/index.php?rest_route=%2Fwp%2Fv2%2Ftags&post=5322"}],"curies":[{"name":"wp","href":"https:\/\/api.w.org\/{rel}","templated":true}]}}