{"id":4951,"date":"2019-07-21T22:16:31","date_gmt":"2019-07-22T01:16:31","guid":{"rendered":"http:\/\/www.clickaracoiaba.com.br\/?p=4951"},"modified":"2019-07-21T22:16:31","modified_gmt":"2019-07-22T01:16:31","slug":"deficiente-e-preso-por-furto-de-muleta-enquanto-filho-do-presidente-goza-de-liberdade-apos-furtar-milhoes","status":"publish","type":"post","link":"https:\/\/www.clickaracoiaba.com.br\/?p=4951","title":{"rendered":"Deficiente \u00e9 preso por furto de muleta enquanto Filho do Presidente goza de liberdade ap\u00f3s furtar Milh\u00f5es"},"content":{"rendered":"<blockquote>\n<p style=\"text-align: center;\"><b><i>Voc\u00ea est\u00e1 lendo isso? Seu futuro cliente tamb\u00e9m!<br \/>\n<\/i><\/b>Anuncie no<br \/>\n<strong><a href=\"http:\/\/www.cclickaracoiaba.com.br\/guia\">GUIA COMERCIAL do CLICKARA\u00c7OIABA<br \/>\n<\/a><\/strong>Custa pouco e da resultado.<br \/>\n<strong>(15) 99732-1144<\/strong><\/p>\n<\/blockquote>\n<div class=\"mc-column content-text active-extra-styles\" data-block-type=\"raw\" data-block-weight=\"2\" data-block-id=\"7\">\n<div class=\"content-intertitle\">\n<div class=\"mc-column content-text active-extra-styles \" data-block-type=\"unstyled\" data-block-weight=\"28\" data-block-id=\"2\">\n<h1 class=\"entry-title\">Deficiente f\u00edsico \u00e9 preso ap\u00f3s furtar muleta de loja de artigos ortop\u00e9dicos em Sorocaba<\/h1>\n<p>Um deficiente f\u00edsico foi preso ap\u00f3s furtar uma muleta de uma loja de artigos ortop\u00e9dicos na tarde de quinta-feira (18), na regi\u00e3o central de Sorocaba. O criminoso invadiu o estabelecimento e trocou a muleta que ele tinha por uma nova.<\/p>\n<p>A a\u00e7\u00e3o foi registrada por c\u00e2meras de seguran\u00e7a. Nas imagens \u00e9 poss\u00edvel ver o homem, que n\u00e3o tem uma das pernas, conhecido nos meios policiais como \u201cZumbi\u201d, morador de rua, chegando ao local com uma muleta de madeira. Ele fica alguns minutos na loja, senta em uma cadeira e logo na sequ\u00eancia, faz as trocas dos produtos. Ap\u00f3s praticar o crime, ele sai tranquilamente da loja.<\/p>\n<p>O crime foi informado para uma equipe da Guarda Civil Municipal e horas depois ele foi preso tentando furtar outro estabelecimento, na regi\u00e3o central de Sorocaba.<\/p>\n<h3>Assista ao v\u00eddeo<\/h3>\n<p><iframe loading=\"lazy\" src=\"https:\/\/www.youtube.com\/embed\/oNTELgWFV5c\" width=\"560\" height=\"315\" frameborder=\"0\" allowfullscreen=\"allowfullscreen\"><\/iframe><\/p>\n<\/div>\n<div class=\"wall protected-content\">\n<div class=\"mc-column content-text active-extra-styles \" data-block-type=\"unstyled\" data-block-weight=\"37\" data-block-id=\"5\">\n<p data-track-category=\"Link no Texto\" data-track-links=\"\"><a href=\"https:\/\/api.whatsapp.com\/send?phone=5515996560985\" target=\"_blank\" rel=\"noopener\"><img loading=\"lazy\" decoding=\"async\" class=\"aligncenter wp-image-4808 size-full\" src=\"http:\/\/www.clickaracoiaba.com.br\/wp-content\/uploads\/2019\/05\/placa_ddplan_690.jpg\" alt=\"\" width=\"690\" height=\"362\" srcset=\"https:\/\/www.clickaracoiaba.com.br\/wp-content\/uploads\/2019\/05\/placa_ddplan_690.jpg 690w, https:\/\/www.clickaracoiaba.com.br\/wp-content\/uploads\/2019\/05\/placa_ddplan_690-300x157.jpg 300w\" sizes=\"auto, (max-width: 690px) 100vw, 690px\" \/><\/a><\/p>\n<h1 class=\"entry-title\">ENQUANTO ISSO NA PIZZARIA &#8220;BRASILIENSE&#8221;:\u00a0Toffoli &#8211; que \u00e9 amigo pessoal de jair bolsonaro &#8211; acolhe pedido da defesa de Fl\u00e1vio Bolsonaro e paralisa investiga\u00e7\u00f5es<\/h1>\n<h3><em>A apura\u00e7\u00e3o do Minist\u00e9rio P\u00fablico do Rio de Janeiro sobre movimenta\u00e7\u00f5es financeiras suspeitas de Fabr\u00edcio Queiroz, ex-assessor do senador Fl\u00e1vio Bolsonaro (PSL), foi paralisada como consequ\u00eancia de uma decis\u00e3o do ministro Dias Toffoli, presidente do STF (Supremo Tribunal Federal).<\/em><\/h3>\n<p>O\u00a0ministro suspendeu todos os inqu\u00e9ritos abertos a partir de dados compartilhados por \u00f3rg\u00e3os de controle como o Conselho de Controle de Atividades Financeiras (Coaf) e a Receita Federal, sem autoriza\u00e7\u00e3o judicial pr\u00e9via. A decis\u00e3o vai afetar os todos os inqu\u00e9ritos tramitando em todas as inst\u00e2ncias da Justi\u00e7a.<\/p>\n<p>A quest\u00e3o do compartilhamento de dados por \u00f3rg\u00e3o de controle sem autoriza\u00e7\u00e3o judicial pr\u00e9via \u00e9 um tema que est\u00e1 em discuss\u00e3o na corte, e a decis\u00e3o sobre o assunto n\u00e3o tem data para sair. A defesa de Fl\u00e1vio argumenta que, enquanto o assunto est\u00e1 sendo debatido, todos os casos que se encaixam nessa situa\u00e7\u00e3o devem estar suspensos \u2013 e o ministro Toffoli concordou com esse argumento.<\/p>\n<p>A consequ\u00eancia da decis\u00e3o de Toffoli \u00e9 que, na pr\u00e1tica, todos os casos s\u00f3 poder\u00e3o ser retomados (ou encerrados definitivamente, a depender da decis\u00e3o) quando o Supremo se manifestar sobre a quest\u00e3o. O julgamento que ir\u00e1 analisar e debater o caso est\u00e1 marcado para 21 de novembro, em plen\u00e1rio.<\/p>\n<p>O Coaf, \u00f3rg\u00e3o que atua na preven\u00e7\u00e3o e combate \u00e0 lavagem de dinheiro, foi o autor de an\u00e1lises que revelaram as movimenta\u00e7\u00f5es suspeitas de Queiroz e motivou a abertura da investiga\u00e7\u00e3o do MP, portanto, ela tamb\u00e9m ser\u00e1 paralisada.<\/p>\n<figure id=\"attachment_4952\" aria-describedby=\"caption-attachment-4952\" style=\"width: 690px\" class=\"wp-caption aligncenter\"><img loading=\"lazy\" decoding=\"async\" class=\"size-full wp-image-4952\" src=\"http:\/\/www.clickaracoiaba.com.br\/wp-content\/uploads\/2019\/07\/Amigos-para-sempre.jpg\" alt=\"&quot;Amigos para sempre&quot;\" width=\"690\" height=\"389\" srcset=\"https:\/\/www.clickaracoiaba.com.br\/wp-content\/uploads\/2019\/07\/Amigos-para-sempre.jpg 690w, https:\/\/www.clickaracoiaba.com.br\/wp-content\/uploads\/2019\/07\/Amigos-para-sempre-300x169.jpg 300w\" sizes=\"auto, (max-width: 690px) 100vw, 690px\" \/><figcaption id=\"caption-attachment-4952\" class=\"wp-caption-text\"><span style=\"color: #999999;\"><em>&#8220;Amigos para sempre&#8221;<\/em><\/span><\/figcaption><\/figure>\n<\/div>\n<\/div>\n<\/div>\n<\/div>\n<div class=\"mc-column content-text active-extra-styles active-capital-letter\" data-block-type=\"unstyled\" data-block-weight=\"59\" data-block-id=\"1\">\n<div class=\"mc-column content-text active-extra-styles active-capital-letter\" data-block-type=\"unstyled\" data-block-weight=\"41\" data-block-id=\"2\">\n<div>\n<h3 class=\"story-body__crosshead\">Entenda as investiga\u00e7\u00f5es<\/h3>\n<p>A investiga\u00e7\u00e3o sobre Queiroz estava em andamento desde fevereiro de 2018. O Coaf tamb\u00e9m descobriu que Fl\u00e1vio recebeu R$ 96 mil em sua conta em v\u00e1rios dep\u00f3sitos de R$ 2 mil, movimenta\u00e7\u00f5es consideradas suspeitas pelo \u00f3rg\u00e3o.<\/p>\n<p>As informa\u00e7\u00f5es obtidas pelo Coaf n\u00e3o s\u00e3o consideradas quebra de sigilo banc\u00e1rio, de acordo com decis\u00f5es pr\u00e9vias da Justi\u00e7a em casos semelhantes, mas a quest\u00e3o sobre se elas podem ou n\u00e3o ser feitas sem pr\u00e9via autoriza\u00e7\u00e3o judicial \u00e9 justamente o tema que est\u00e1 sendo discutido no Supremo &#8211; e o que motivou Fl\u00e1vio a pedir a paralisa\u00e7\u00e3o.<\/p>\n<p>A Justi\u00e7a decretou a quebra de sigilo fiscal de Fl\u00e1vio Bolsonaro e de Queiroz em abril deste ano, segundo o jornal O Globo, e tal quebra ficou em segredo at\u00e9 ser revelada pelo jornal em maio. A discri\u00e7\u00e3o em torno do caso acontece porque todos os procedimentos correm em segredo de Justi\u00e7a e, por isso, o MP n\u00e3o divulga informa\u00e7\u00f5es oficiais sobre o andamento da investiga\u00e7\u00f5es.<\/p>\n<p>O pedido feito por Fl\u00e1vio Bolsonaro e acatado por Toffoli n\u00e3o \u00e9 a primeira tentativa do senador de barrar o inqu\u00e9rito. O filho do presidente j\u00e1 havia pedido ao STF antes que a investiga\u00e7\u00e3o fosse suspensa porque ele \u00e9 senador e tem foro privilegiado, mas Fl\u00e1vio ainda n\u00e3o era formalmente investigado e o caso ocorreu antes do seu atual mandato, ent\u00e3o o pedido n\u00e3o foi acatado.<\/p>\n<p>O senador comentou o caso em maio, em entrevista ao jornal O Estado de S. Paulo ,e argumentou, na ocasi\u00e3o, que a apura\u00e7\u00e3o do MP &#8220;\u00e9 ilegal&#8221; e que &#8220;n\u00e3o tem outro caminho para a investiga\u00e7\u00e3o a n\u00e3o ser ela ser arquivada&#8221;.<\/p>\n<p>Fl\u00e1vio Bolsonaro tamb\u00e9m afirmou que n\u00e3o sabe onde est\u00e1 Queiroz e que o ex-assessor &#8220;tinha muita autonomia dentro do gabinete&#8221;. Ele tamb\u00e9m alegou que, talvez, tenha sido um erro &#8220;confiar demais nele&#8221;.<\/p>\n<figure id=\"attachment_4953\" aria-describedby=\"caption-attachment-4953\" style=\"width: 690px\" class=\"wp-caption aligncenter\"><img loading=\"lazy\" decoding=\"async\" class=\"size-full wp-image-4953\" src=\"http:\/\/www.clickaracoiaba.com.br\/wp-content\/uploads\/2019\/07\/flavio-bolsonaro-corrupto.jpg\" alt=\"Jair Bolsonaro e Fl\u00e1vio Bolsonaro\" width=\"690\" height=\"460\" srcset=\"https:\/\/www.clickaracoiaba.com.br\/wp-content\/uploads\/2019\/07\/flavio-bolsonaro-corrupto.jpg 690w, https:\/\/www.clickaracoiaba.com.br\/wp-content\/uploads\/2019\/07\/flavio-bolsonaro-corrupto-300x200.jpg 300w\" sizes=\"auto, (max-width: 690px) 100vw, 690px\" \/><figcaption id=\"caption-attachment-4953\" class=\"wp-caption-text\"><span style=\"color: #999999;\"><em>Jair Bolsonaro e Fl\u00e1vio Bolsonaro<\/em><\/span><\/figcaption><\/figure>\n<h2 class=\"story-body__crosshead\">Como come\u00e7aram as investiga\u00e7\u00f5es?<\/h2>\n<p>O caso come\u00e7ou porque, em uma investiga\u00e7\u00e3o relacionada \u00e0 Opera\u00e7\u00e3o Lava Jato, o Coaf descobriu movimenta\u00e7\u00f5es financeiras suspeitas e incompat\u00edveis com seu patrim\u00f4nio nas contas de Fabr\u00edcio Queiroz, que na \u00e9poca atuava como assessor no gabinete de Fl\u00e1vio na Assembleia Legislativa do Rio de Janeiro (Alerj).<\/p>\n<p>O Coaf descobriu, entre outras coisas, que outros funcion\u00e1rios do gabinete de Fl\u00e1vio repassavam dinheiro ao assessor, na maior parte das vezes em datas pr\u00f3ximas ao dia de pagamento na Alerj.<\/p>\n<p>Como n\u00e3o havia ind\u00edcios de que o caso estava ligado \u00e0 Lava Jato, o relat\u00f3rio foi encaminhado ao Minist\u00e9rio P\u00fablico do Rio de Janeiro em 3 de janeiro de 2018. Uma investiga\u00e7\u00e3o sobre Queiroz foi aberta formalmente em 30 de julho, ap\u00f3s a produ\u00e7\u00e3o de diversos relat\u00f3rios sobre o caso.<\/p>\n<p>A principal suspeita do Minist\u00e9rio P\u00fablico \u00e9 de que o ex-assessor embolsou o dinheiro para si mesmo ou repassava a quantia para Fl\u00e1vio. Se o Minist\u00e9rio P\u00fablico concluir que crimes foram cometidos, o \u00f3rg\u00e3o deve reunir as provas e apresentar den\u00fancias \u00e0 Justi\u00e7a.<\/p>\n<figure id=\"attachment_4954\" aria-describedby=\"caption-attachment-4954\" style=\"width: 690px\" class=\"wp-caption aligncenter\"><img loading=\"lazy\" decoding=\"async\" class=\"size-full wp-image-4954\" src=\"http:\/\/www.clickaracoiaba.com.br\/wp-content\/uploads\/2019\/07\/flavio-roubou-milhoes.jpg\" alt=\"Fl\u00e1vio Bolsonaro\" width=\"690\" height=\"461\" srcset=\"https:\/\/www.clickaracoiaba.com.br\/wp-content\/uploads\/2019\/07\/flavio-roubou-milhoes.jpg 690w, https:\/\/www.clickaracoiaba.com.br\/wp-content\/uploads\/2019\/07\/flavio-roubou-milhoes-300x200.jpg 300w\" sizes=\"auto, (max-width: 690px) 100vw, 690px\" \/><figcaption id=\"caption-attachment-4954\" class=\"wp-caption-text\"><span style=\"color: #999999;\"><em>Fl\u00e1vio Bolsonaro<\/em><\/span><\/figcaption><\/figure>\n<p>Ap\u00f3s mudan\u00e7as de inst\u00e2ncia, substitui\u00e7\u00e3o de promotor respons\u00e1vel e uma tentativa infrut\u00edfera por parte de Fl\u00e1vio Bolsonaro de barrar a investiga\u00e7\u00e3o no Supremo Tribunal Federal (STF), a apura\u00e7\u00e3o est\u00e1 atualmente sendo conduzida dentro do MP do Rio de Janeiro pela Promotoria de Justi\u00e7a de Investiga\u00e7\u00e3o Penal. H\u00e1 tamb\u00e9m uma investiga\u00e7\u00e3o c\u00edvel que apura poss\u00edvel improbidade administrativa.<\/p>\n<p>O relat\u00f3rio do Coaf tamb\u00e9m apontou um cheque de R$ 24 mil de Queiroz para a atual primeira-dama, Michelle Bolsonaro.<\/p>\n<p>O presidente afirmou que o cheque era o pagamento de uma d\u00edvida de R$ 40 mil que n\u00e3o foi declarada no Imposto de Renda, mas n\u00e3o explicou por que teria emprestado dinheiro a algu\u00e9m que fazia altas movimenta\u00e7\u00f5es banc\u00e1rias supostamente provenientes de neg\u00f3cios particulares.<\/p>\n<h3 class=\"story-body__crosshead\">O que dizem os envolvidos<\/h3>\n<p>As movimenta\u00e7\u00f5es financeiras consideradas at\u00edpicas de Fl\u00e1vio Bolsonaro acabaram se tornando p\u00fablicas ap\u00f3s o Coaf produzir um relat\u00f3rio a pedido do MP-RJ em meio \u00e0s investiga\u00e7\u00f5es sobre Queiroz.<\/p>\n<p>O senador afirmou em janeiro que os R$ 96 mil foram pagamento pela venda de um im\u00f3vel e que os dep\u00f3sitos foram fracionados pois R$ 2 mil era o limite do caixa eletr\u00f4nico.<\/p>\n<p>Queiroz, que atualmente reside em local desconhecido, disse em entrevista ao SBT (sua \u00faltima apari\u00e7\u00e3o p\u00fablica) que as movimenta\u00e7\u00f5es eram provenientes de neg\u00f3cios particulares.<\/p>\n<p>Depois afirmou por escrito ao MP que fazia &#8220;gerenciamento financeiro&#8221; dos sal\u00e1rios recebidos pelos outros funcion\u00e1rios do gabinete do hoje senador Fl\u00e1vio. A Promotoria j\u00e1 havia tentado obter explica\u00e7\u00f5es de Queiroz em quatro ocasi\u00f5es, mas o ex-assessor faltou \u00e0s convoca\u00e7\u00f5es alegando emerg\u00eancias m\u00e9dicas. Sua mulher e suas filhas tamb\u00e9m faltaram \u00e0 convoca\u00e7\u00e3o para depor.<\/p>\n<p>Em seu depoimento por escrito, Queiroz confirmou que os funcion\u00e1rios do gabinete repassavam parte dos sal\u00e1rios para sua conta, mas disse que o objetivo era contratar com esse dinheiro mais funcion\u00e1rios para trabalhar com o intuito de &#8220;intensificar a atua\u00e7\u00e3o pol\u00edtica&#8221; do ent\u00e3o deputado estadual.<\/p>\n<p>Essa estrat\u00e9gia teria sido informal e realizada sem o conhecimento do filho mais velho do presidente, disse o ex-assessor.<\/p>\n<h3 class=\"story-body__crosshead\">Tentativas de barrar as investiga\u00e7\u00f5es<\/h3>\n<p>O Minist\u00e9rio P\u00fablico tamb\u00e9m j\u00e1 tentou ouvir Fl\u00e1vio Bolsonaro em janeiro deste ano, mas o senador n\u00e3o compareceu, alegando n\u00e3o ter tido acesso ao conte\u00fado da investiga\u00e7\u00e3o.<\/p>\n<p>Em um post no Facebook em janeiro, ele disse que se comprometia a marcar dia e hor\u00e1rio para prestar os &#8220;esclarecimentos devidamente fundamentados&#8221;, mas pouco tempo depois pediu a suspens\u00e3o das investiga\u00e7\u00f5es ao STF.<\/p>\n<p>Fl\u00e1vio entrou com um pedido no STF para que a investiga\u00e7\u00e3o criminal sa\u00edsse da primeira inst\u00e2ncia judicial e fosse remetida ao Supremo por prerrogativa de foro privilegiado &#8211; adquirida ap\u00f3s ele se eleger senador, na elei\u00e7\u00e3o de 2018.<\/p>\n<p>O argumento de Fl\u00e1vio era de que, mesmo n\u00e3o sendo formalmente investigado, ele \u00e9 o alvo efetivo dos investigadores estaduais, o que feriria sua prerrogativa de foro.<\/p>\n<figure id=\"attachment_4955\" aria-describedby=\"caption-attachment-4955\" style=\"width: 690px\" class=\"wp-caption aligncenter\"><img loading=\"lazy\" decoding=\"async\" class=\"size-full wp-image-4955\" src=\"http:\/\/www.clickaracoiaba.com.br\/wp-content\/uploads\/2019\/07\/flavio-bolsonaro-defende-queiroz.jpg\" alt=\"Reprodu\u00e7\u00e3o Twitter\" width=\"690\" height=\"387\" srcset=\"https:\/\/www.clickaracoiaba.com.br\/wp-content\/uploads\/2019\/07\/flavio-bolsonaro-defende-queiroz.jpg 690w, https:\/\/www.clickaracoiaba.com.br\/wp-content\/uploads\/2019\/07\/flavio-bolsonaro-defende-queiroz-300x168.jpg 300w\" sizes=\"auto, (max-width: 690px) 100vw, 690px\" \/><figcaption id=\"caption-attachment-4955\" class=\"wp-caption-text\"><span style=\"color: #999999;\"><em>Reprodu\u00e7\u00e3o Twitter<\/em><\/span><\/figcaption><\/figure>\n<p>Inicialmente, o ministro Luiz Fux atendeu ao pedido liminarmente e as investiga\u00e7\u00f5es foram interrompidas. Mas em 1\u00ba de fevereiro o ministro Marco Aur\u00e9lio Mello, relator do caso, reverteu a decis\u00e3o e disse que &#8220;a situa\u00e7\u00e3o jur\u00eddica (de Fl\u00e1vio) n\u00e3o se enquadra na Constitui\u00e7\u00e3o Federal em termos de compet\u00eancia do Supremo&#8221;.<\/p>\n<p>No ano passado, o STF havia o entendimento sobre o foro especial de parlamentares, que passa ser restrito a crimes ocorridos no exerc\u00edcio do mandato e ligados \u00e0 atividade parlamentar.<\/p>\n<p>Se o pedido fosse aceito pelo STF, a investiga\u00e7\u00e3o passaria a tramitar na Corte e a ser conduzida pela Procuradoria-Geral da Rep\u00fablica. Como foi negado, ela continuou com a promotoria estadual do Rio de Janeiro.<\/p>\n<p>Alguns dias depois, o promotor designado para o caso, Cl\u00e1udio Calo, se declarou suspeito para investig\u00e1-lo ap\u00f3s ser revelado na imprensa que ele j\u00e1 relativizou a gravidade dos dep\u00f3sitos suspeitos e que se encontrou com Fl\u00e1vio Bolsonaro em novembro do ano passado durante uma reuni\u00e3o de amigos.<\/p>\n<p>A investiga\u00e7\u00e3o, ent\u00e3o, foi assumida por Luis Ot\u00e1vio Figueira Lopes, que est\u00e1 cuidando do caso at\u00e9 hoje.<\/p>\n<p>Em pouco tempo, Lopes pediu ajuda do Grupo de Atua\u00e7\u00e3o Especializada no Combate \u00e0 Corrup\u00e7\u00e3o (Gaecc) para apurar as suspeitas. Segundo a Promotoria fluminense, o aux\u00edlio foi solicitado &#8220;em raz\u00e3o da complexidade do caso e da necessidade de an\u00e1lise mais espec\u00edfica e detalhada dos elementos de prova&#8221;.<\/p>\n<h3>Aur\u00e9lio Fid\u00eancio<\/h3>\n<p>Resumindo um pobre infeliz furta uma muleta e vai preso sem delongas, outro cara furta milh\u00f5es de reais e goza em liberdade! Este \u00e9 o Brasil acima de tudo? Esse \u00e9 o governo do &#8220;mito&#8221;?<\/p>\n<p><em>Mat\u00e9ria: Aur\u00e9lio Fid\u00eancio<br \/>\nInforma\u00e7\u00f5es: Jornal Ipanema e BBC<br \/>\nClickara\u00e7oiaba, O primeiro Portal de Ara\u00e7oiaba da Serra \u2013 SP &#8211;\u00a0Desde 1999<br \/>\n<\/em><em><strong>PARTICIPE DE NOSSO GRUPO NO WHATSAPP:<br \/>\n<\/strong><\/em><em><a href=\"http:\/\/www.clickaracoiaba.com.br\/?page_id=3899\">http:\/\/www.clickaracoiaba.com.br\/?page_id=3899<\/a><\/em><span style=\"font-size: 14px;\">\u00a0<\/span><\/p>\n<\/div>\n<div class=\"mc-column content-text active-extra-styles active-capital-letter\" data-block-type=\"unstyled\" data-block-weight=\"27\" data-block-id=\"2\">\n<div class=\"mc-column content-text active-extra-styles active-capital-letter\" data-block-type=\"unstyled\" data-block-weight=\"33\" data-block-id=\"2\">\n<hr \/>\n<h3><span style=\"color: #0000ff;\">PARTICIPE:<\/span><\/h3>\n<div class=\"fb-group\" data-href=\"https:\/\/www.facebook.com\/groups\/aracoiaba\/\" data-width=\"690\" data-show-social-context=\"true\" data-show-metadata=\"false\"><\/div>\n<\/div>\n<\/div>\n<\/div>\n<\/div>\n","protected":false},"excerpt":{"rendered":"<p>Voc\u00ea est\u00e1 lendo isso? Seu futuro cliente tamb\u00e9m! Anuncie no GUIA COMERCIAL do CLICKARA\u00c7OIABA Custa pouco e da resultado. (15) 99732-1144 Deficiente f\u00edsico \u00e9 preso ap\u00f3s furtar muleta de loja de artigos ortop\u00e9dicos em Sorocaba Um deficiente f\u00edsico foi preso ap\u00f3s furtar uma muleta de uma loja de artigos ortop\u00e9dicos na tarde de quinta-feira (18),&#8230;<\/p>\n","protected":false},"author":1,"featured_media":4956,"comment_status":"open","ping_status":"open","sticky":false,"template":"","format":"standard","meta":{"magazine_newspaper_sidebar_layout":"","footnotes":""},"categories":[2],"tags":[688],"class_list":["post-4951","post","type-post","status-publish","format-standard","has-post-thumbnail","hentry","category-brasil","tag-flavio-bolsonaro"],"_links":{"self":[{"href":"https:\/\/www.clickaracoiaba.com.br\/index.php?rest_route=\/wp\/v2\/posts\/4951","targetHints":{"allow":["GET"]}}],"collection":[{"href":"https:\/\/www.clickaracoiaba.com.br\/index.php?rest_route=\/wp\/v2\/posts"}],"about":[{"href":"https:\/\/www.clickaracoiaba.com.br\/index.php?rest_route=\/wp\/v2\/types\/post"}],"author":[{"embeddable":true,"href":"https:\/\/www.clickaracoiaba.com.br\/index.php?rest_route=\/wp\/v2\/users\/1"}],"replies":[{"embeddable":true,"href":"https:\/\/www.clickaracoiaba.com.br\/index.php?rest_route=%2Fwp%2Fv2%2Fcomments&post=4951"}],"version-history":[{"count":0,"href":"https:\/\/www.clickaracoiaba.com.br\/index.php?rest_route=\/wp\/v2\/posts\/4951\/revisions"}],"wp:featuredmedia":[{"embeddable":true,"href":"https:\/\/www.clickaracoiaba.com.br\/index.php?rest_route=\/wp\/v2\/media\/4956"}],"wp:attachment":[{"href":"https:\/\/www.clickaracoiaba.com.br\/index.php?rest_route=%2Fwp%2Fv2%2Fmedia&parent=4951"}],"wp:term":[{"taxonomy":"category","embeddable":true,"href":"https:\/\/www.clickaracoiaba.com.br\/index.php?rest_route=%2Fwp%2Fv2%2Fcategories&post=4951"},{"taxonomy":"post_tag","embeddable":true,"href":"https:\/\/www.clickaracoiaba.com.br\/index.php?rest_route=%2Fwp%2Fv2%2Ftags&post=4951"}],"curies":[{"name":"wp","href":"https:\/\/api.w.org\/{rel}","templated":true}]}}