{"id":4315,"date":"2019-01-16T10:34:35","date_gmt":"2019-01-16T12:34:35","guid":{"rendered":"http:\/\/www.clickaracoiaba.com.br\/?p=4315"},"modified":"2019-01-16T10:34:35","modified_gmt":"2019-01-16T12:34:35","slug":"gestao-bolsonaro-nao-tera-marqueteiro-diz-ministro","status":"publish","type":"post","link":"https:\/\/www.clickaracoiaba.com.br\/?p=4315","title":{"rendered":"Gest\u00e3o Bolsonaro n\u00e3o ter\u00e1 marqueteiro, diz ministro"},"content":{"rendered":"<blockquote>\n<p style=\"text-align: center;\"><strong><em>QUEM VOC\u00ca ACHA QUE SER\u00c1 O PR\u00d3XIMO PREFEITO DE ARA\u00c7OIABA DA SERRA?<\/em><\/strong><br \/>\n<em><strong>Participe de nossa enquete no grupo do Facebook<\/strong><\/em><br \/>\n<em><strong>Elei\u00e7\u00f5es em Ara\u00e7oiaba da Serra 2020<\/strong><\/em><br \/>\n<em><strong>Link para participar do grupo: <a href=\"https:\/\/goo.gl\/oSDJ2Y\" target=\"_blank\" rel=\"noopener\">https:\/\/goo.gl\/oSDJ2Y<\/a><\/strong><\/em><\/p>\n<\/blockquote>\n<p><a href=\"https:\/\/www.facebook.com\/aureliofidencio\" target=\"_blank\" rel=\"noopener\"><img loading=\"lazy\" decoding=\"async\" class=\"aligncenter size-full wp-image-4113\" src=\"http:\/\/www.clickaracoiaba.com.br\/wp-content\/uploads\/2018\/11\/jornalista-aurelio-fidencio.jpg\" alt=\"\" width=\"690\" height=\"245\" \/><\/a><\/p>\n<h2>Para general Santos Cruz administra\u00e7\u00f5es anteriores usaram a comunica\u00e7\u00e3o a servi\u00e7o de um \u2018projeto de poder\u2019; contratos da \u00e1rea ser\u00e3o revistos<\/h2>\n<div class=\"mc-column content-text active-extra-styles active-capital-letter\" data-block-type=\"unstyled\" data-block-weight=\"59\" data-block-id=\"1\">\n<div class=\"mc-column content-text active-extra-styles active-capital-letter\" data-block-type=\"unstyled\" data-block-weight=\"41\" data-block-id=\"2\">\n<p>O ministro da Secretaria de Governo,\u00a0Carlos Alberto dos Santos Cruz, disse em entrevista ao Estado que o governo Jair Bolsonaro n\u00e3o ter\u00e1 marqueteiro nos moldes de gest\u00f5es anteriores, mas profissionais para fazer planejamento de m\u00eddia. Para ele, o marketing de governo \u201cn\u00e3o pode ser uma forma de expans\u00e3o de ideologia\u201d.<\/p>\n<p>Santos Cruz avalia que administra\u00e7\u00f5es passadas puseram a comunica\u00e7\u00e3o a servi\u00e7o de um \u201cprojeto de poder\u201d e anunciou a revis\u00e3o de todos os contratos da \u00e1rea, estimados em at\u00e9 R$ 400 milh\u00f5es apenas na Secretaria Especial de Comunica\u00e7\u00e3o Social (Secom).<\/p>\n<\/div>\n<\/div>\n<p><a href=\"http:\/\/www.clickaracoiaba.com.br\/guia\/empresa\/567\/ddplan_controle_de_pragas.html\"><img loading=\"lazy\" decoding=\"async\" class=\"aligncenter size-full wp-image-3813\" src=\"http:\/\/www.clickaracoiaba.com.br\/wp-content\/uploads\/2018\/09\/placa-ddplan-690.png\" alt=\"\" width=\"690\" height=\"207\" srcset=\"https:\/\/www.clickaracoiaba.com.br\/wp-content\/uploads\/2018\/09\/placa-ddplan-690.png 690w, https:\/\/www.clickaracoiaba.com.br\/wp-content\/uploads\/2018\/09\/placa-ddplan-690-300x90.png 300w\" sizes=\"auto, (max-width: 690px) 100vw, 690px\" \/><\/a><\/p>\n<div class=\"mc-column content-text active-extra-styles \" data-block-type=\"unstyled\" data-block-weight=\"35\" data-block-id=\"3\">\n<div class=\"mc-column content-text active-extra-styles \" data-block-type=\"unstyled\" data-block-weight=\"42\" data-block-id=\"5\">\n<p>General da reserva do Ex\u00e9rcito e ex-secret\u00e1rio nacional de Seguran\u00e7a P\u00fablica, o ministro afirmou que a discrimina\u00e7\u00e3o de oficiais das For\u00e7as Armadas para cargos-chave no governo parte apenas de quem tem \u201cinteresse pol\u00edtico\u201d.<\/p>\n<p><strong>Comunica\u00e7\u00e3o de governo<\/strong><br \/>\n\u201cTemos que tomar muito cuidado para o marketing de governo n\u00e3o ser uma forma de expans\u00e3o de ideologia. Sou contra a divulga\u00e7\u00e3o de ideologia. Acho que, por filosofia, sempre foi assim em governos passados. Sou a favor da informa\u00e7\u00e3o de qualidade pelo bem p\u00fablico e n\u00e3o pelo projeto de poder. Voc\u00ea deve usar tecnologia e as t\u00e9cnicas de comunica\u00e7\u00e3o para divulgar coisas v\u00e1lidas, n\u00e3o seu projeto de poder. Esse neg\u00f3cio de marqueteiro assumiu uma conota\u00e7\u00e3o t\u00e3o negativa, parece uma especialidade em voc\u00ea enganar o cara. Uma coisa que era para fazer divulga\u00e7\u00e3o faz um marketing para mudar a realidade. N\u00e3o, voc\u00ea tem que transmitir a realidade para a popula\u00e7\u00e3o.\u201d<\/p>\n<p><strong>Contratos<\/strong><br \/>\n\u201cEu vou rever todos os contratos da Secom. S\u00e3o cerca de R$ 400 milh\u00f5es em valor de contrato, embora a execu\u00e7\u00e3o, o gasto, possa ficar abaixo. O porta-voz \u00e9 uma escolha pessoal do presidente. O general Ot\u00e1vio Santana do R\u00eago Barros \u00e9 uma pessoa preparada e treinada, era chefe do Centro de Comunica\u00e7\u00e3o Social do Ex\u00e9rcito e foi aproveitado. O uso das redes sociais \u00e9 irrevers\u00edvel, a tecnologia chegou para ficar.\u201d<\/p>\n<p><strong>Futuro da EBC<\/strong><br \/>\n\u201cN\u00e3o posso dizer agora qual \u00e9 a solu\u00e7\u00e3o. Qualquer solu\u00e7\u00e3o tem que obedecer a um quadro de funcion\u00e1rios, a grande massa \u00e9 concursada, tem que respeitar a legisla\u00e7\u00e3o. A EBC (Empresa Brasil de Comunica\u00e7\u00e3o) tem duas televis\u00f5es, a NBR e a TV Brasil, oito r\u00e1dios e um quadro de 2.025 funcion\u00e1rios. \u00c9 um n\u00famero gigantesco para, talvez, a penetra\u00e7\u00e3o que tem, a express\u00e3o em termos de m\u00eddia. Ainda tenho que estudar todo o problema de or\u00e7amento e contratos. Acho que n\u00e3o tem nenhuma novidade em dizer que tudo isso ser\u00e1 revisto, toda a estrutura, todo o quadro de pessoal. Tem que ver problemas patrimoniais, n\u00e3o \u00e9 assim \u2018fecha a porta\u2019.\u201d<\/p>\n<p><strong>Militares no governo<\/strong><br \/>\n\u201cTem muito essa discuss\u00e3o hoje. Eu sou de origem militar, o R\u00eago Barros (porta-voz de Bolsonaro) \u00e9 de origem militar, tem o Heleno (ministro Augusto Heleno, do Gabinete de Seguran\u00e7a Institucional). Agora at\u00e9 ex-militar est\u00e1 contando na matem\u00e1tica. N\u00e3o presto aten\u00e7\u00e3o nisso. A sociedade aceita perfeitamente bem. Quem faz essa discrimina\u00e7\u00e3o \u00e9 algu\u00e9m interessado politicamente em fazer. A sociedade quer que voc\u00ea governe de maneira limpa, sem corrup\u00e7\u00e3o, e entregue o benef\u00edcio no servi\u00e7o p\u00fablico. Quem est\u00e1 dirigindo, para ela n\u00e3o interessa. Interessa a presta\u00e7\u00e3o do servi\u00e7o p\u00fablico de qualidade e de maneira honesta. Se a gente evitar viver aqueles dez anos de esc\u00e2ndalos di\u00e1rios na primeira p\u00e1gina que a gente viveu, \u00e9 isso o que o pessoal quer. A sociedade quer um governo limpo, transparente.\u201d<\/p>\n<p><strong>Emendas parlamentares<\/strong><br \/>\n\u201cA emenda \u00e9 uma coisa t\u00e9cnica, um direito que tem o parlamentar de desfrutar daquela emenda em benef\u00edcio da base dele. N\u00e3o deve ser instrumento de barganha pol\u00edtica. As regras devem ser claras, e o parlamentar deve poder acompanhar a emenda que ele colocou no Or\u00e7amento em benef\u00edcio do p\u00fablico dele, pela internet, e para que o p\u00fablico possa saber que emenda \u00e9 essa, qual munic\u00edpio e para que \u00e9, colocar uma ponte\u2026 Naquilo que for da minha al\u00e7ada no trato de emendas vai ser absolutamente transparente. Talvez at\u00e9 voc\u00eas estejam acostumados com um ritmo de pagamentos de pol\u00edtica antiga. Eu n\u00e3o pretendo que seja assim. A emenda foi criada n\u00e3o para beneficiar o parlamentar, mas a ponta da linha. A grande estrela \u00e9 o p\u00fablico. Os interesses dos parlamentares s\u00e3o normais, mas voc\u00ea n\u00e3o pode retardar o benef\u00edcio do p\u00fablico por conta de algum arranjo. Naquilo que depender de mim ser\u00e1 100% t\u00e9cnico e 100% transparente.\u201d<\/p>\n<p><strong>ONGs<\/strong><br \/>\n\u201cPrecisamos ter um mapeamento completo de quantas ONGs tem, quais s\u00e3o os recursos utilizados, as fontes de recurso, a capacidade t\u00e9cnica e os resultados. Se eu lhe entrego uma quantidade de recursos p\u00fablicos, sua responsabilidade n\u00e3o \u00e9 s\u00f3 fazer a contabilidade correta. Eu tamb\u00e9m tenho que avaliar o resultado. Pode at\u00e9 existir uma boa tomada de contas, mas \u00e9 deficiente a avalia\u00e7\u00e3o de resultado. Tamb\u00e9m temos que acompanhar a capacidade de quem n\u00e3o recebe recurso p\u00fablico. Por exemplo, se a ONG vai cuidar de meninas gr\u00e1vidas, mas n\u00e3o recebe recursos p\u00fablicos, o Minist\u00e9rio da Sa\u00fade tem que saber que capacidade t\u00e9cnica essa organiza\u00e7\u00e3o tem. O problema n\u00e3o \u00e9 de interfer\u00eancia. Mas quando usa dinheiro p\u00fablico, tem obriga\u00e7\u00e3o de prestar contas e explicar resultados.\u201d<\/p>\n<p><strong>Ataques no Cear\u00e1<\/strong><br \/>\n\u201cIsso \u00e9 a\u00e7\u00e3o terrorista. \u00c9 o crime organizado fazendo a\u00e7\u00f5es de terror contra a popula\u00e7\u00e3o, destruindo patrim\u00f4nio p\u00fablico. \u00c9 crime b\u00e1rbaro. A rea\u00e7\u00e3o tem que ser muito forte. Lei a gente tem, mas precisa aplicar de maneira s\u00e9ria. Temos a tal da progressividade de pena. Uma mudan\u00e7a na progress\u00e3o \u00e9 uma coisa a ser ao menos pensada. O Estado tem o direito e a obriga\u00e7\u00e3o de colocar disciplina dentro do pres\u00eddio. A sociedade toda tem responsabilidade, todos os Poderes (Executivo, Legislativo e Judici\u00e1rio), por terem tolerado esse crescimento do crime organizado. O problema \u00e9 maior do que o limite do governador Camilo Santana (PT).\u201d<\/p>\n<\/div>\n<\/div>\n<p><em><span style=\"color: #999999;\"><br \/>\n<span style=\"color: #999999;\">Edi\u00e7\u00e3o: Aur\u00e9lio Fid\u00eancio<br \/>\nFonte: Ag\u00eancia Estado<br \/>\nClickara\u00e7oiaba, O primeiro Portal de Ara\u00e7oiaba da Serra \u2013 SP &#8211;\u00a0Desde 1999<\/span><br \/>\n<strong style=\"color: #999999;\">PARTICIPE DE NOSSO GRUPO NO WHATSAPP:<\/strong><br \/>\n<a style=\"color: #999999;\" href=\"http:\/\/www.clickaracoiaba.com.br\/?page_id=3899\">http:\/\/www.clickaracoiaba.com.br\/?page_id=3899<\/a><\/span><\/em><\/p>\n<div class=\"mc-column content-text active-extra-styles active-capital-letter\" data-block-type=\"unstyled\" data-block-weight=\"27\" data-block-id=\"2\">\n<div class=\"mc-column content-text active-extra-styles active-capital-letter\" data-block-type=\"unstyled\" data-block-weight=\"33\" data-block-id=\"2\">\n<hr \/>\n<h3><span style=\"color: #0000ff;\">PARTICIPE:<\/span><\/h3>\n<div class=\"fb-group\" data-href=\"https:\/\/www.facebook.com\/groups\/aracoiaba\/\" data-width=\"690\" data-show-social-context=\"true\" data-show-metadata=\"false\"><\/div>\n<\/div>\n<\/div>\n","protected":false},"excerpt":{"rendered":"<p>QUEM VOC\u00ca ACHA QUE SER\u00c1 O PR\u00d3XIMO PREFEITO DE ARA\u00c7OIABA DA SERRA? Participe de nossa enquete no grupo do Facebook Elei\u00e7\u00f5es em Ara\u00e7oiaba da Serra 2020 Link para participar do grupo: https:\/\/goo.gl\/oSDJ2Y Para general Santos Cruz administra\u00e7\u00f5es anteriores usaram a comunica\u00e7\u00e3o a servi\u00e7o de um \u2018projeto de poder\u2019; contratos da \u00e1rea ser\u00e3o revistos O ministro&#8230;<\/p>\n","protected":false},"author":1,"featured_media":4316,"comment_status":"open","ping_status":"open","sticky":false,"template":"","format":"standard","meta":{"magazine_newspaper_sidebar_layout":"","footnotes":""},"categories":[9],"tags":[],"class_list":["post-4315","post","type-post","status-publish","format-standard","has-post-thumbnail","hentry","category-politica"],"_links":{"self":[{"href":"https:\/\/www.clickaracoiaba.com.br\/index.php?rest_route=\/wp\/v2\/posts\/4315","targetHints":{"allow":["GET"]}}],"collection":[{"href":"https:\/\/www.clickaracoiaba.com.br\/index.php?rest_route=\/wp\/v2\/posts"}],"about":[{"href":"https:\/\/www.clickaracoiaba.com.br\/index.php?rest_route=\/wp\/v2\/types\/post"}],"author":[{"embeddable":true,"href":"https:\/\/www.clickaracoiaba.com.br\/index.php?rest_route=\/wp\/v2\/users\/1"}],"replies":[{"embeddable":true,"href":"https:\/\/www.clickaracoiaba.com.br\/index.php?rest_route=%2Fwp%2Fv2%2Fcomments&post=4315"}],"version-history":[{"count":0,"href":"https:\/\/www.clickaracoiaba.com.br\/index.php?rest_route=\/wp\/v2\/posts\/4315\/revisions"}],"wp:featuredmedia":[{"embeddable":true,"href":"https:\/\/www.clickaracoiaba.com.br\/index.php?rest_route=\/wp\/v2\/media\/4316"}],"wp:attachment":[{"href":"https:\/\/www.clickaracoiaba.com.br\/index.php?rest_route=%2Fwp%2Fv2%2Fmedia&parent=4315"}],"wp:term":[{"taxonomy":"category","embeddable":true,"href":"https:\/\/www.clickaracoiaba.com.br\/index.php?rest_route=%2Fwp%2Fv2%2Fcategories&post=4315"},{"taxonomy":"post_tag","embeddable":true,"href":"https:\/\/www.clickaracoiaba.com.br\/index.php?rest_route=%2Fwp%2Fv2%2Ftags&post=4315"}],"curies":[{"name":"wp","href":"https:\/\/api.w.org\/{rel}","templated":true}]}}