{"id":4209,"date":"2018-12-11T23:00:55","date_gmt":"2018-12-12T01:00:55","guid":{"rendered":"http:\/\/www.clickaracoiaba.com.br\/?p=4209"},"modified":"2018-12-11T23:00:55","modified_gmt":"2018-12-12T01:00:55","slug":"homem-atira-dentro-de-igreja-em-campinas-mata-quatro-e-se-suicida","status":"publish","type":"post","link":"https:\/\/www.clickaracoiaba.com.br\/?p=4209","title":{"rendered":"Homem atira dentro de igreja em Campinas, mata quatro e se suicida"},"content":{"rendered":"<blockquote>\n<p style=\"text-align: center;\"><strong><em>QUEM VOC\u00ca ACHA QUE SER\u00c1 O PR\u00d3XIMO PREFEITO DE ARA\u00c7OIABA DA SERRA?<\/em><\/strong><br \/>\n<em><strong>Participe de nossa enquete no grupo do Facebook<\/strong><\/em><br \/>\n<em><strong>Elei\u00e7\u00f5es em Ara\u00e7oiaba da Serra 2020<\/strong><\/em><br \/>\n<em><strong>Link para participar do grupo: <a href=\"https:\/\/goo.gl\/oSDJ2Y\" target=\"_blank\" rel=\"noopener\">https:\/\/goo.gl\/oSDJ2Y<\/a><\/strong><\/em><\/p>\n<\/blockquote>\n<p><a href=\"https:\/\/www.facebook.com\/aureliofidencio\" target=\"_blank\" rel=\"noopener\"><img loading=\"lazy\" decoding=\"async\" class=\"aligncenter size-full wp-image-4113\" src=\"http:\/\/www.clickaracoiaba.com.br\/wp-content\/uploads\/2018\/11\/jornalista-aurelio-fidencio.jpg\" alt=\"\" width=\"690\" height=\"245\" \/><\/a><\/p>\n<h2>Quatro pessoas foram mortas a tiros na Catedral Metropolitana de Campinas (SP), no in\u00edcio da tarde desta ter\u00e7a-feira (11)<\/h2>\n<div class=\"mc-column content-text active-extra-styles active-capital-letter\" data-block-type=\"unstyled\" data-block-weight=\"59\" data-block-id=\"1\">\n<p>Ao menos quatro homens foram mortos e outras quatro pessoas foram feridas a tiros na Catedral Metropolitana de Campinas (SP) no in\u00edcio da tarde desta ter\u00e7a-feira (11). Ainda n\u00e3o identificado, o atirador entrou na igreja, sentou-se entre os fi\u00e9is e passou a disparar contra os presentes logo ap\u00f3s o final da missa.<\/p>\n<p>Segundo a Pol\u00edcia Militar, o atirador se matou ap\u00f3s o ataque -ele portava uma pistola 9 mm e mais um rev\u00f3lver- as duas armas estavam com as suas numera\u00e7\u00f5es raspadas. A motiva\u00e7\u00e3o do ataque ainda \u00e9 desconhecida.<\/p>\n<\/div>\n<p><a href=\"http:\/\/www.clickaracoiaba.com.br\/guia\/empresa\/567\/ddplan_controle_de_pragas.html\"><img loading=\"lazy\" decoding=\"async\" class=\"aligncenter size-full wp-image-3813\" src=\"http:\/\/www.clickaracoiaba.com.br\/wp-content\/uploads\/2018\/09\/placa-ddplan-690.png\" alt=\"\" width=\"690\" height=\"207\" srcset=\"https:\/\/www.clickaracoiaba.com.br\/wp-content\/uploads\/2018\/09\/placa-ddplan-690.png 690w, https:\/\/www.clickaracoiaba.com.br\/wp-content\/uploads\/2018\/09\/placa-ddplan-690-300x90.png 300w\" sizes=\"auto, (max-width: 690px) 100vw, 690px\" \/><\/a><\/p>\n<div class=\"mc-column content-text active-extra-styles \" data-block-type=\"unstyled\" data-block-weight=\"35\" data-block-id=\"3\">\n<figure id=\"attachment_4210\" aria-describedby=\"caption-attachment-4210\" style=\"width: 690px\" class=\"wp-caption aligncenter\"><img loading=\"lazy\" decoding=\"async\" class=\"wp-image-4210 size-full\" src=\"http:\/\/www.clickaracoiaba.com.br\/wp-content\/uploads\/2018\/12\/1chassina-catedral-campinas.jpg\" alt=\"Foto: Denny Cesare\" width=\"690\" height=\"460\" srcset=\"https:\/\/www.clickaracoiaba.com.br\/wp-content\/uploads\/2018\/12\/1chassina-catedral-campinas.jpg 690w, https:\/\/www.clickaracoiaba.com.br\/wp-content\/uploads\/2018\/12\/1chassina-catedral-campinas-300x200.jpg 300w\" sizes=\"auto, (max-width: 690px) 100vw, 690px\" \/><figcaption id=\"caption-attachment-4210\" class=\"wp-caption-text\"><span style=\"color: #999999;\"><em>Chacina da Catedral de Campinas &#8211; Foto: Denny Cesare<\/em><\/span><\/figcaption><\/figure>\n<p>Os tiros foram disparados ap\u00f3s a missa das 12h15. A PM diz ter registrado um chamado pelo 190 \u00e0s 13h25, com uma pessoa dizendo que um homem de camiseta azul e cal\u00e7a jeans havia entrado na catedral.<\/p>\n<p>Uma c\u00e2mera do circuito interno de seguran\u00e7a da catedral mostra a\u00e7\u00e3o do atirador. No v\u00eddeo, obtido pela Folha, ele de repente se levanta e passa a disparar contra um grupo de pessoas sentada logo atr\u00e1s dele.<\/p>\n<figure id=\"attachment_4211\" aria-describedby=\"caption-attachment-4211\" style=\"width: 690px\" class=\"wp-caption aligncenter\"><img loading=\"lazy\" decoding=\"async\" class=\"size-full wp-image-4211\" src=\"http:\/\/www.clickaracoiaba.com.br\/wp-content\/uploads\/2018\/12\/2catedral-campinas-tiros.jpg\" alt=\"Foto: Denny Cesare\" width=\"690\" height=\"460\" srcset=\"https:\/\/www.clickaracoiaba.com.br\/wp-content\/uploads\/2018\/12\/2catedral-campinas-tiros.jpg 690w, https:\/\/www.clickaracoiaba.com.br\/wp-content\/uploads\/2018\/12\/2catedral-campinas-tiros-300x200.jpg 300w\" sizes=\"auto, (max-width: 690px) 100vw, 690px\" \/><figcaption id=\"caption-attachment-4211\" class=\"wp-caption-text\"><span style=\"color: #999999;\"><em>Chacina da Catedral de Campinas &#8211; Foto: Denny Cesare<\/em><\/span><\/figcaption><\/figure>\n<p>O atirador em seguida caminha para a frente da igreja e come\u00e7a a disparar contra os policiais. Ele ainda teve tempo de trocar o pente da pistola at\u00e9 ser atingido no t\u00f3rax. Ca\u00eddo, disparou contra a pr\u00f3pria cabe\u00e7a. Ele ainda tinha 28 balas em pentes na mochila e n\u00e3o carregava documento de identidade. A per\u00edcia recolheu as impress\u00f5es digitais do atirador, a fim de identific\u00e1-lo.<\/p>\n<\/div>\n<p><a href=\"http:\/\/www.clickaracoiaba.com.br\/?page_id=3962\" target=\"_blank\" rel=\"noopener\"><img decoding=\"async\" class=\"aligncenter\" src=\"http:\/\/www.clickaracoiaba.com.br\/wp-content\/uploads\/2018\/10\/bannermercadopago.gif\" \/><\/a><\/p>\n<figure id=\"attachment_4212\" aria-describedby=\"caption-attachment-4212\" style=\"width: 690px\" class=\"wp-caption aligncenter\"><img loading=\"lazy\" decoding=\"async\" class=\"size-full wp-image-4212\" src=\"http:\/\/www.clickaracoiaba.com.br\/wp-content\/uploads\/2018\/12\/3catedral-campinas-tiros3.jpg\" alt=\"Foto: Denny Cesare\" width=\"690\" height=\"460\" srcset=\"https:\/\/www.clickaracoiaba.com.br\/wp-content\/uploads\/2018\/12\/3catedral-campinas-tiros3.jpg 690w, https:\/\/www.clickaracoiaba.com.br\/wp-content\/uploads\/2018\/12\/3catedral-campinas-tiros3-300x200.jpg 300w\" sizes=\"auto, (max-width: 690px) 100vw, 690px\" \/><figcaption id=\"caption-attachment-4212\" class=\"wp-caption-text\"><em><span style=\"color: #999999;\">Chacina da Catedral de Campinas &#8211; Foto: Denny Cesare<\/span><\/em><\/figcaption><\/figure>\n<p>\u201cEntrei na igreja, a missa j\u00e1 havia terminado. Alguns minutos depois o atirador entrou e se posicionou na frente de um casal e atirou\u201d, conta o aposentado Pedro Rodrigues, 66. \u201cEu sa\u00ed correndo, n\u00e3o houve gritaria apenas correria. E ele continuou atirando. Eu tenho muita sorte de estar vivo\u201d.<\/p>\n<p>A assistente-administrativo Luciana de Oliveira, 36, disse ter ouvido um grande n\u00famero de disparos, quando passava perto do templo. \u201cOuvimos muitos tiros e as pessoas gritando, chorando. Vimos o homem baleado no peito saindo de maca. Foi horr\u00edvel\u201d.<\/p>\n<p>O entorno da igreja, regi\u00e3o comercial da cidade, estava cheio no momento do crime, devido \u00e0 proximidade do Natal. Por isso, o policiamento na \u00e1rea tamb\u00e9m era refor\u00e7ado, o que agilizou a chegada dos policiais ao local.<\/p>\n<figure id=\"attachment_4213\" aria-describedby=\"caption-attachment-4213\" style=\"width: 690px\" class=\"wp-caption aligncenter\"><img loading=\"lazy\" decoding=\"async\" class=\"size-full wp-image-4213\" src=\"http:\/\/www.clickaracoiaba.com.br\/wp-content\/uploads\/2018\/12\/4catedral-campinas-tiros4.jpg\" alt=\"Uma das v\u00edtimas ao ch\u00e3o - Foto: Denny Cesare\" width=\"690\" height=\"457\" srcset=\"https:\/\/www.clickaracoiaba.com.br\/wp-content\/uploads\/2018\/12\/4catedral-campinas-tiros4.jpg 690w, https:\/\/www.clickaracoiaba.com.br\/wp-content\/uploads\/2018\/12\/4catedral-campinas-tiros4-300x199.jpg 300w\" sizes=\"auto, (max-width: 690px) 100vw, 690px\" \/><figcaption id=\"caption-attachment-4213\" class=\"wp-caption-text\"><em><span style=\"color: #999999;\">Uma das v\u00edtimas ao ch\u00e3o &#8211; Foto: Denny Cesare<\/span><\/em><\/figcaption><\/figure>\n<p>Moradora de rua, Artemis Jos\u00e9 de Oliveira, 40, conta que viu os feridos saindo da igreja. \u201cOuvi os tiros e vi um senhor com sangue no ombro saindo e uma senhora tamb\u00e9m baleada que caiu na porta. A pol\u00edcia saiu atirando na porta pra dentro da igreja. Teve troca de tiro\u201d, afirma. \u201cPensei nos fi\u00e9is da igreja que sempre nos ajudam. Foi horr\u00edvel\u201d.<\/p>\n<p>\u201cA inten\u00e7\u00e3o era atirar. Ele j\u00e1 atirou \u2018fatalizando\u2019 as pessoas. N\u00e3o tinha nenhum motivo espec\u00edfico que n\u00e3o fosse a loucura dele\u201d, disse o secret\u00e1rio municipal de Seguran\u00e7a de Campinas, Luiz Augusto Baggio.<\/p>\n<p>Quatro homens, todos idosos, morreram no local. Outras quatro pessoas foram atingidas e socorridas pelos bombeiros e pelos m\u00e9dicos do Samu. Os bombeiros informaram que os sobreviventes v\u00e3o passar por cirurgia para a retirada dos proj\u00e9teis que atingiram partes vitais. O estado de sa\u00fade deles n\u00e3o foi divulgado.<\/p>\n<figure id=\"attachment_4214\" aria-describedby=\"caption-attachment-4214\" style=\"width: 690px\" class=\"wp-caption aligncenter\"><img loading=\"lazy\" decoding=\"async\" class=\"size-full wp-image-4214\" src=\"http:\/\/www.clickaracoiaba.com.br\/wp-content\/uploads\/2018\/12\/5catedral-campinas-tiros5.jpg\" alt=\"Uma das v\u00edtimas ao ch\u00e3o - Foto: Denny Cesare\" width=\"690\" height=\"460\" srcset=\"https:\/\/www.clickaracoiaba.com.br\/wp-content\/uploads\/2018\/12\/5catedral-campinas-tiros5.jpg 690w, https:\/\/www.clickaracoiaba.com.br\/wp-content\/uploads\/2018\/12\/5catedral-campinas-tiros5-300x200.jpg 300w\" sizes=\"auto, (max-width: 690px) 100vw, 690px\" \/><figcaption id=\"caption-attachment-4214\" class=\"wp-caption-text\"><em><span style=\"color: #999999;\">Chacina da Catedral de Campinas &#8211; Foto: Denny Cesare<\/span><\/em><\/figcaption><\/figure>\n<p>A Catedral de Nossa Senhora da Concei\u00e7\u00e3o fica na principal \u00e1rea comercial da cidade. Por meio de nota, a arquidiocese de Campinas informou que a catedral est\u00e1 fechada para o atendimento \u00e0s v\u00edtimas e para as investiga\u00e7\u00f5es da pol\u00edcia. \u201cContamos com as ora\u00e7\u00f5es de todos neste momento de profunda dor\u201d, segundo trecho do comunicado.<\/p>\n<p>O prefeito de Campinas, Jonas Donizette (PSB), decretou luto oficial de tr\u00eas dias, a contar a partir desta ter\u00e7a-feira (11).<\/p>\n<figure id=\"attachment_4215\" aria-describedby=\"caption-attachment-4215\" style=\"width: 690px\" class=\"wp-caption aligncenter\"><img loading=\"lazy\" decoding=\"async\" class=\"size-full wp-image-4215\" src=\"http:\/\/www.clickaracoiaba.com.br\/wp-content\/uploads\/2018\/12\/6catedral-campinas-tiros6.jpg\" alt=\"Chacina da Catedral de Campinas - Foto: Denny Cesare\" width=\"690\" height=\"460\" srcset=\"https:\/\/www.clickaracoiaba.com.br\/wp-content\/uploads\/2018\/12\/6catedral-campinas-tiros6.jpg 690w, https:\/\/www.clickaracoiaba.com.br\/wp-content\/uploads\/2018\/12\/6catedral-campinas-tiros6-300x200.jpg 300w\" sizes=\"auto, (max-width: 690px) 100vw, 690px\" \/><figcaption id=\"caption-attachment-4215\" class=\"wp-caption-text\"><span style=\"color: #999999;\"><em>Chacina da Catedral de Campinas &#8211; Foto: Denny Cesare<\/em><\/span><\/figcaption><\/figure>\n<p><strong>Estatuto do desarmamento<\/strong><\/p>\n<p>A elei\u00e7\u00e3o de Jair Bolsonaro (PSL) provocou uma nova discuss\u00e3o sobre ampliar o acesso a armas para autodefesa. Durante a campanha, ele prometeu revogar o estatuto caso fosse eleito. Para fazer isso, por\u00e9m, \u00e9 necess\u00e1ria aprova\u00e7\u00e3o do Congresso.<\/p>\n<p>Aprovado em dezembro de 2003, o Estatuto do Desarmamento limitou a posse de armas no pa\u00eds e tirou milhares de armamentos das ruas. At\u00e9 o in\u00edcio de 2014, quase 650 mil armas de fogo foram entregues voluntariamente pela popula\u00e7\u00e3o.<\/p>\n<p>Atualmente, 55% dos brasileiros acham que as armas devem ser proibidas por representarem amea\u00e7a \u00e0 vida dos outros, e 41% avaliam que possuir uma arma legalizada deve ser direito do cidad\u00e3o que queira se defender. Os dados s\u00e3o de pesquisa Datafolha de outubro deste ano.<\/p>\n<p>Em novembro de 2013, 68% achavam que as armas deveriam ser proibidas, e s\u00f3 30% queriam armas liberadas. De um lado deste debate est\u00e1 a hip\u00f3tese da letalidade, em que o aumento de armas leva ao avan\u00e7o dos conflitos com mortes, al\u00e9m da redu\u00e7\u00e3o dos custos dos criminosos para obterem armas -porque pre\u00e7os no mercado paralelo caem ou porque fica mais f\u00e1cil se apropriar de armas legais.<\/p>\n<p>No extremo oposto, est\u00e1 a hip\u00f3tese do uso defensivo de armas, segundo a qual a prolifera\u00e7\u00e3o de armamentos diminuiria a incid\u00eancia de crimes ao mudar o c\u00e1lculo de risco de criminosos. Eles seriam desencorajados do enfrentamento diante da maior probabilidade de encontrarem resist\u00eancia inesperada por parte da v\u00edtima. Lei federal de 2003, o Estatuto do Desarmamento regula o acesso a armas e restringiu o porte e a posse em todo o pa\u00eds. Ainda assim, em m\u00e9dia seis armas s\u00e3o vendidas por hora no mercado civil nacional. Neste ano, at\u00e9 22 de agosto, haviam sido vendidas 34.731 armas no pa\u00eds. \u200b<\/p>\n<p><em><span style=\"color: #999999;\"><span style=\"color: #999999;\">Mat\u00e9ria: xxxxx<\/span><br \/>\n<span style=\"color: #999999;\">Clickara\u00e7oiaba, O primeiro Portal de Ara\u00e7oiaba da Serra \u2013 SP &#8211;\u00a0Desde 1999<\/span><br \/>\n<strong style=\"color: #999999;\">PARTICIPE DE NOSSO GRUPO NO WHATSAPP:<\/strong><br \/>\n<a style=\"color: #999999;\" href=\"http:\/\/www.clickaracoiaba.com.br\/?page_id=3899\">http:\/\/www.clickaracoiaba.com.br\/?page_id=3899<\/a><\/span><\/em><\/p>\n<div class=\"mc-column content-text active-extra-styles active-capital-letter\" data-block-type=\"unstyled\" data-block-weight=\"27\" data-block-id=\"2\">\n<div class=\"mc-column content-text active-extra-styles active-capital-letter\" data-block-type=\"unstyled\" data-block-weight=\"33\" data-block-id=\"2\">\n<hr \/>\n<h3><span style=\"color: #0000ff;\">PARTICIPE:<\/span><\/h3>\n<div class=\"fb-group\" data-href=\"https:\/\/www.facebook.com\/groups\/aracoiaba\/\" data-width=\"690\" data-show-social-context=\"true\" data-show-metadata=\"false\"><\/div>\n<\/div>\n<\/div>\n","protected":false},"excerpt":{"rendered":"<p>QUEM VOC\u00ca ACHA QUE SER\u00c1 O PR\u00d3XIMO PREFEITO DE ARA\u00c7OIABA DA SERRA? Participe de nossa enquete no grupo do Facebook Elei\u00e7\u00f5es em Ara\u00e7oiaba da Serra 2020 Link para participar do grupo: https:\/\/goo.gl\/oSDJ2Y Quatro pessoas foram mortas a tiros na Catedral Metropolitana de Campinas (SP), no in\u00edcio da tarde desta ter\u00e7a-feira (11) Ao menos quatro homens&#8230;<\/p>\n","protected":false},"author":1,"featured_media":4216,"comment_status":"open","ping_status":"open","sticky":false,"template":"","format":"standard","meta":{"magazine_newspaper_sidebar_layout":"","footnotes":""},"categories":[2],"tags":[549],"class_list":["post-4209","post","type-post","status-publish","format-standard","has-post-thumbnail","hentry","category-brasil","tag-chacina-da-catedral-de-campinas"],"_links":{"self":[{"href":"https:\/\/www.clickaracoiaba.com.br\/index.php?rest_route=\/wp\/v2\/posts\/4209","targetHints":{"allow":["GET"]}}],"collection":[{"href":"https:\/\/www.clickaracoiaba.com.br\/index.php?rest_route=\/wp\/v2\/posts"}],"about":[{"href":"https:\/\/www.clickaracoiaba.com.br\/index.php?rest_route=\/wp\/v2\/types\/post"}],"author":[{"embeddable":true,"href":"https:\/\/www.clickaracoiaba.com.br\/index.php?rest_route=\/wp\/v2\/users\/1"}],"replies":[{"embeddable":true,"href":"https:\/\/www.clickaracoiaba.com.br\/index.php?rest_route=%2Fwp%2Fv2%2Fcomments&post=4209"}],"version-history":[{"count":0,"href":"https:\/\/www.clickaracoiaba.com.br\/index.php?rest_route=\/wp\/v2\/posts\/4209\/revisions"}],"wp:featuredmedia":[{"embeddable":true,"href":"https:\/\/www.clickaracoiaba.com.br\/index.php?rest_route=\/wp\/v2\/media\/4216"}],"wp:attachment":[{"href":"https:\/\/www.clickaracoiaba.com.br\/index.php?rest_route=%2Fwp%2Fv2%2Fmedia&parent=4209"}],"wp:term":[{"taxonomy":"category","embeddable":true,"href":"https:\/\/www.clickaracoiaba.com.br\/index.php?rest_route=%2Fwp%2Fv2%2Fcategories&post=4209"},{"taxonomy":"post_tag","embeddable":true,"href":"https:\/\/www.clickaracoiaba.com.br\/index.php?rest_route=%2Fwp%2Fv2%2Ftags&post=4209"}],"curies":[{"name":"wp","href":"https:\/\/api.w.org\/{rel}","templated":true}]}}