{"id":3764,"date":"2018-09-08T09:16:25","date_gmt":"2018-09-08T12:16:25","guid":{"rendered":"http:\/\/www.clickaracoiaba.com.br\/?p=3764"},"modified":"2018-09-08T09:16:25","modified_gmt":"2018-09-08T12:16:25","slug":"tres-menores-delinquentes-sao-apreendidos-por-participar-do-assalto-aos-correios-de-capela","status":"publish","type":"post","link":"https:\/\/www.clickaracoiaba.com.br\/?p=3764","title":{"rendered":"Tr\u00eas menores delinquentes s\u00e3o apreendidos por participar do assalto aos correios de Capela"},"content":{"rendered":"<p><a href=\"http:\/\/www.clickaracoiaba.com.br\/guia\/empresa\/670\/container_da_pizza.html\"><img loading=\"lazy\" decoding=\"async\" class=\"aligncenter size-full wp-image-3767\" src=\"http:\/\/www.clickaracoiaba.com.br\/wp-content\/uploads\/2018\/09\/banner_noticias_container.jpg\" alt=\"\" width=\"690\" height=\"263\" srcset=\"https:\/\/www.clickaracoiaba.com.br\/wp-content\/uploads\/2018\/09\/banner_noticias_container.jpg 690w, https:\/\/www.clickaracoiaba.com.br\/wp-content\/uploads\/2018\/09\/banner_noticias_container-300x114.jpg 300w\" sizes=\"auto, (max-width: 690px) 100vw, 690px\" \/><\/a><\/p>\n<h1 class=\"entry-title\">O\u00a0assalto culminou na morte de um policial militar<\/h1>\n<p>Tr\u00eas ladr\u00f5es foram apreendidos na manh\u00e3 desta sexta-feira (7), suspeitos de participar no assalto aos Correios de Capela do Alto.\u00a0<a href=\"http:\/\/www.clickaracoiaba.com.br\/?p=3694\">O crime resultou na morte do policial Gabriel Terra<\/a>.\u00a0Os delinquentes t\u00eam entre 16 e 17 anos. Todos foram encaminhados \u00e0 Pol\u00edcia Federal de Sorocaba.<\/p>\n<p>De acordo com a Pol\u00edcia Federal a apreens\u00e3o ocorreu com ordem judicial de interna\u00e7\u00e3o provis\u00f3ria e de buscas nas resid\u00eancias, expedida pela Vara da Inf\u00e2ncia e Juventude de Tatu\u00ed. A opera\u00e7\u00e3o contou com o apoio da Pol\u00edcia Militar (PM). Foi identificada a participa\u00e7\u00e3o de 05 (cinco) indiv\u00edduos no crime, sendo 03 (tr\u00eas) deles menores de idade.<\/p>\n<p><span style=\"color: #999999;\">&#8212;&#8212;&#8212;- publicidade &#8211; inicio &#8212;&#8212;&#8212;-<\/span><br \/>\n<a href=\"https:\/\/goo.gl\/Zi6GSJ\" target=\"_blank\" rel=\"noopener\"><img loading=\"lazy\" decoding=\"async\" class=\"aligncenter size-full wp-image-3668\" src=\"http:\/\/www.clickaracoiaba.com.br\/wp-content\/uploads\/2018\/08\/carnaporto.jpg\" alt=\"\" width=\"700\" height=\"350\" \/><\/a><\/p>\n<p style=\"line-height: 15.75pt;\"><b><span style=\"font-size: 10.5pt; font-family: 'Arial','sans-serif';\"><img loading=\"lazy\" decoding=\"async\" id=\"_x0000_i1025\" src=\"http:\/\/www.carnaporto-axemoi.com.br\/2014\/mail\/item.gif\" width=\"18\" height=\"15\" border=\"0\" \/><\/span><\/b><span style=\"font-size: 10.5pt; font-family: Arial, sans-serif; color: #000000;\">\u00a0Imperd\u00edvel! Confirmada presen\u00e7a de <strong><span style=\"font-family: 'Arial','sans-serif';\">Wesley Safad\u00e3o<\/span><\/strong>, um dos melhores cantores do momento, para agitar ainda mais o <strong><span style=\"font-family: 'Arial','sans-serif';\">Carnaporto 2019<\/span><\/strong>.<br \/>\n<b><img loading=\"lazy\" decoding=\"async\" id=\"_x0000_i1026\" src=\"http:\/\/www.carnaporto-axemoi.com.br\/2014\/mail\/item.gif\" width=\"18\" height=\"15\" border=\"0\" \/><\/b>\u00a0Ser\u00e1 uma grande festa. Em cada noite, 03 grandes bandas se apresentar\u00e3o no Carnaporto 2019: <strong><span style=\"font-family: 'Arial','sans-serif';\">Tomate, L\u00e9o Santana, Psirico, Harmonia do Samba, Chiclete com Banana<\/span><\/strong>, + 3 atra\u00e7\u00f5es a definir e a grande novidade: <strong><span style=\"font-family: 'Arial','sans-serif';\">Wesley Safad\u00e3o<\/span><\/strong>!<br \/>\n<b><img loading=\"lazy\" decoding=\"async\" id=\"_x0000_i1027\" src=\"http:\/\/www.carnaporto-axemoi.com.br\/2014\/mail\/item.gif\" width=\"18\" height=\"15\" border=\"0\" \/><\/b>\u00a0Acesse nosso site e saiba mais sobre o Carnaporto! \u00cdndices de aprova\u00e7\u00e3o acima de 90%! Aproveite e garanta logo o seu passaporte!<\/span><\/p>\n<p><a style=\"font-size: 14px; font-family: &#039;Open Sans&#039;, Arial, sans-serif; color: #19232d; text-decoration-line: underline;\" href=\"https:\/\/goo.gl\/Zi6GSJ\" target=\"_blank\" rel=\"noopener\"><img loading=\"lazy\" decoding=\"async\" class=\"aligncenter size-full wp-image-3670\" style=\"font-size: 14px;\" src=\"http:\/\/www.clickaracoiaba.com.br\/wp-content\/uploads\/2018\/08\/carnaporto1.jpg\" alt=\"\" width=\"690\" height=\"338\" srcset=\"https:\/\/www.clickaracoiaba.com.br\/wp-content\/uploads\/2018\/08\/carnaporto1.jpg 690w, https:\/\/www.clickaracoiaba.com.br\/wp-content\/uploads\/2018\/08\/carnaporto1-300x147.jpg 300w\" sizes=\"auto, (max-width: 690px) 100vw, 690px\" \/><\/a><a style=\"font-size: 14px; font-family: &#039;Open Sans&#039;, Arial, sans-serif; color: #19232d; text-decoration-line: underline;\" href=\"https:\/\/goo.gl\/Zi6GSJ\" target=\"_blank\" rel=\"noopener\"><img loading=\"lazy\" decoding=\"async\" class=\"aligncenter size-full wp-image-3671\" style=\"font-size: 14px;\" src=\"http:\/\/www.clickaracoiaba.com.br\/wp-content\/uploads\/2018\/08\/carnaporto2.jpg\" alt=\"\" width=\"690\" height=\"188\" srcset=\"https:\/\/www.clickaracoiaba.com.br\/wp-content\/uploads\/2018\/08\/carnaporto2.jpg 690w, https:\/\/www.clickaracoiaba.com.br\/wp-content\/uploads\/2018\/08\/carnaporto2-300x82.jpg 300w\" sizes=\"auto, (max-width: 690px) 100vw, 690px\" \/><\/a><a style=\"font-size: 14px; font-family: &#039;Open Sans&#039;, Arial, sans-serif; color: #19232d; text-decoration-line: underline;\" href=\"https:\/\/goo.gl\/Zi6GSJ\" target=\"_blank\" rel=\"noopener\"><img loading=\"lazy\" decoding=\"async\" class=\"aligncenter size-full wp-image-3669\" style=\"font-size: 14px;\" src=\"http:\/\/www.clickaracoiaba.com.br\/wp-content\/uploads\/2018\/08\/carnaporto_click.jpg\" alt=\"\" width=\"690\" height=\"46\" srcset=\"https:\/\/www.clickaracoiaba.com.br\/wp-content\/uploads\/2018\/08\/carnaporto_click.jpg 690w, https:\/\/www.clickaracoiaba.com.br\/wp-content\/uploads\/2018\/08\/carnaporto_click-300x20.jpg 300w\" sizes=\"auto, (max-width: 690px) 100vw, 690px\" \/><\/a><a href=\"https:\/\/goo.gl\/Zi6GSJ\" target=\"_blank\" rel=\"noopener\"><img loading=\"lazy\" decoding=\"async\" class=\"aligncenter size-full wp-image-3672\" src=\"http:\/\/www.clickaracoiaba.com.br\/wp-content\/uploads\/2018\/08\/carnaporto3.jpg\" alt=\"\" width=\"690\" height=\"118\" srcset=\"https:\/\/www.clickaracoiaba.com.br\/wp-content\/uploads\/2018\/08\/carnaporto3.jpg 690w, https:\/\/www.clickaracoiaba.com.br\/wp-content\/uploads\/2018\/08\/carnaporto3-300x51.jpg 300w\" sizes=\"auto, (max-width: 690px) 100vw, 690px\" \/><\/a>&#8212;&#8212;&#8212;- publicidade &#8211; fim\u00a0&#8212;&#8212;&#8212;-<\/p>\n<p>Um ex-vigilante da ag\u00eancia dos Correios foi preso na data de quinta-feira (6) em cumprimento a mandado de pris\u00e3o preventiva expedido pela 1\u00aa. Vara Federal de Sorocaba. Ele \u00e9 suspeito de participa\u00e7\u00e3o no roubo, passando informa\u00e7\u00f5es acerca do funcionamento da ag\u00eancia aos demais integrantes do grupo que promoveu a a\u00e7\u00e3o.<\/p>\n<p>Com as dilig\u00eancias realizadas na data desta sexta, a Pol\u00edcia Federal d\u00e1 por esclarecido o fato.<\/p>\n<div data-block-type=\"unstyled\" data-block-weight=\"33\" data-block-id=\"2\">\n<p><em style=\"color: #999999; font-size: 14px;\">Edi\u00e7\u00e3o: Aur\u00e9lio Fid\u00eancio<br \/>\nFonte: Jornal Ipanema<br \/>\n<\/em><em style=\"font-size: 14px;\"><span style=\"color: #999999;\">Clickara\u00e7oiaba, O primeiro Portal de Ara\u00e7oiaba da Serra \u2013 SP &#8211;\u00a0Desde 1999<br \/>\n<\/span><\/em><em style=\"font-size: 14px;\"><span style=\"color: #999999;\"><strong>Curta nossa p\u00e1gina no Facebook:<br \/>\n<\/strong><\/span><\/em><em style=\"font-size: 14px;\"><span style=\"color: #999999;\"><a href=\"https:\/\/www.facebook.com\/clickaracoiaba\" target=\"_blank\" rel=\"noopener\">https:\/\/www.facebook.com\/clickaracoiaba<\/a><\/span><\/em><\/p>\n<\/div>\n<div class=\"mc-column content-text active-extra-styles active-capital-letter\" data-block-type=\"unstyled\" data-block-weight=\"27\" data-block-id=\"2\">\n<div class=\"mc-column content-text active-extra-styles active-capital-letter\" data-block-type=\"unstyled\" data-block-weight=\"33\" data-block-id=\"2\">\n<hr \/>\n<\/div>\n<p><iframe loading=\"lazy\" style=\"border: none; overflow: hidden;\" src=\"https:\/\/www.facebook.com\/plugins\/post.php?href=https%3A%2F%2Fwww.facebook.com%2Fnotes%2Fclickaracoiaba%2Fcomo-participar-de-nosso-grupo-no-whatsapp%2F1844429878958209%2F&amp;width=690&amp;show_text=true&amp;height=573&amp;appId\" width=\"690\" height=\"573\" frameborder=\"0\" scrolling=\"no\"><\/iframe><\/p>\n<div class=\"mc-column content-text active-extra-styles active-capital-letter\" data-block-type=\"unstyled\" data-block-weight=\"33\" data-block-id=\"2\">\n<hr \/>\n<h3><span style=\"color: #0000ff;\">PARTICIPE:<\/span><\/h3>\n<div class=\"fb-group\" data-href=\"https:\/\/www.facebook.com\/groups\/aracoiaba\/\" data-width=\"690\" data-show-social-context=\"true\" data-show-metadata=\"false\"><\/div>\n<\/div>\n<\/div>\n","protected":false},"excerpt":{"rendered":"<p>O\u00a0assalto culminou na morte de um policial militar Tr\u00eas ladr\u00f5es foram apreendidos na manh\u00e3 desta sexta-feira (7), suspeitos de participar no assalto aos Correios de Capela do Alto.\u00a0O crime resultou na morte do policial Gabriel Terra.\u00a0Os delinquentes t\u00eam entre 16 e 17 anos. Todos foram encaminhados \u00e0 Pol\u00edcia Federal de Sorocaba. De acordo com a&#8230;<\/p>\n","protected":false},"author":1,"featured_media":3770,"comment_status":"open","ping_status":"open","sticky":false,"template":"","format":"standard","meta":{"magazine_newspaper_sidebar_layout":"","footnotes":""},"categories":[123],"tags":[475,474],"class_list":["post-3764","post","type-post","status-publish","format-standard","has-post-thumbnail","hentry","category-capeladoalto","tag-assalto-aos-correios-de-capela-do-alto","tag-morte-do-pm-em-capela-do-alto"],"_links":{"self":[{"href":"https:\/\/www.clickaracoiaba.com.br\/index.php?rest_route=\/wp\/v2\/posts\/3764","targetHints":{"allow":["GET"]}}],"collection":[{"href":"https:\/\/www.clickaracoiaba.com.br\/index.php?rest_route=\/wp\/v2\/posts"}],"about":[{"href":"https:\/\/www.clickaracoiaba.com.br\/index.php?rest_route=\/wp\/v2\/types\/post"}],"author":[{"embeddable":true,"href":"https:\/\/www.clickaracoiaba.com.br\/index.php?rest_route=\/wp\/v2\/users\/1"}],"replies":[{"embeddable":true,"href":"https:\/\/www.clickaracoiaba.com.br\/index.php?rest_route=%2Fwp%2Fv2%2Fcomments&post=3764"}],"version-history":[{"count":0,"href":"https:\/\/www.clickaracoiaba.com.br\/index.php?rest_route=\/wp\/v2\/posts\/3764\/revisions"}],"wp:featuredmedia":[{"embeddable":true,"href":"https:\/\/www.clickaracoiaba.com.br\/index.php?rest_route=\/wp\/v2\/media\/3770"}],"wp:attachment":[{"href":"https:\/\/www.clickaracoiaba.com.br\/index.php?rest_route=%2Fwp%2Fv2%2Fmedia&parent=3764"}],"wp:term":[{"taxonomy":"category","embeddable":true,"href":"https:\/\/www.clickaracoiaba.com.br\/index.php?rest_route=%2Fwp%2Fv2%2Fcategories&post=3764"},{"taxonomy":"post_tag","embeddable":true,"href":"https:\/\/www.clickaracoiaba.com.br\/index.php?rest_route=%2Fwp%2Fv2%2Ftags&post=3764"}],"curies":[{"name":"wp","href":"https:\/\/api.w.org\/{rel}","templated":true}]}}