{"id":2947,"date":"2018-05-23T22:37:21","date_gmt":"2018-05-24T01:37:21","guid":{"rendered":"http:\/\/www.clickaracoiaba.com.br\/?p=2947"},"modified":"2018-05-26T10:13:31","modified_gmt":"2018-05-26T13:13:31","slug":"1o-tucano-corrupto-preso-pela-laja-jato-ex-governador-de-minas-gerais-eduardo-azeredo-psdb-se-entrega-a-policia","status":"publish","type":"post","link":"https:\/\/www.clickaracoiaba.com.br\/?p=2947","title":{"rendered":"1\u00ba Tucano Corrupto preso pela Laja Jato: Ex-governador de Minas Gerais, Eduardo Azeredo (PSDB) se entrega \u00e0 pol\u00edcia."},"content":{"rendered":"<h1 class=\"entry-title\"><span style=\"color: #000000;\"><strong>Ex-governador era considerado foragido desde a manh\u00e3 desta quarta-feira (23\/5), ap\u00f3s perder um recurso no Tribunal de Justi\u00e7a de Minas Gerais<\/strong><\/span><\/h1>\n<div>O ex-governador de Minas Gerais, Eduardo Azeredo (PSDB), se entregou \u00e0 pol\u00edcia na tarde desta quarta-feira (23\/5). Ele era procurado pelas autoridades desde \u00e0s 8 horas, ap\u00f3s uma condena\u00e7\u00e3o em segunda inst\u00e2ncia no Tribunal de Justi\u00e7a de Minas Gerais (TJMG).<\/div>\n<div>O tucano deve cumprir pena de 20 anos e um m\u00eas de pris\u00e3o por peculato e lavagem de dinheiro no esquema conhecido como mensal\u00e3o tucano. O mandado autorizando o encarceramento foi emitido no fim da tarde de ter\u00e7a-feira (22\/5). Como ele n\u00e3o se entregou durante a noite, foi dado como foragido.<\/div>\n<div><\/div>\n<h5>Siga a p\u00e1gina do Clickara\u00e7oiaba do Facebook e fique por dentro das principais not\u00edcias e acontecimentos de Ara\u00e7oiaba da Serra e Capela do Alto.<\/h5>\n<div>\n<h6>APROVEITE [INSCREVA-SE] em nosso canal e assista a nossa \u00faltima mat\u00e9ria em v\u00eddeo:<\/h6>\n<p><a href=\"https:\/\/www.youtube.com\/user\/aracoiabadaserra?sub_confirmation=1\" target=\"_blank\" rel=\"noopener\"><img loading=\"lazy\" decoding=\"async\" class=\"aligncenter size-full wp-image-2537\" src=\"http:\/\/www.clickaracoiaba.com.br\/wp-content\/uploads\/2018\/02\/youtube.jpg\" alt=\"\" width=\"700\" height=\"300\" \/><\/a><\/p>\n<\/div>\n<div>\n<div class=\"mc-column content-text active-extra-styles \" data-block-type=\"unstyled\" data-block-weight=\"36\" data-block-id=\"6\">\n<div class=\"mc-column content-text active-extra-styles \" data-block-type=\"unstyled\" data-block-weight=\"27\" data-block-id=\"5\">\n<div>De acordo com o Minist\u00e9rio P\u00fablico de Minas Gerais (MPMG), os integrantes do grupo criminoso do mensal\u00e3o tucano desviaram recursos de empresas p\u00fablicas para financiar campanhas eleitorais na d\u00e9cada de 90. O preju\u00edzo aos cofres p\u00fablicos passou de R$ 3,5 milh\u00f5es. Na pe\u00e7a de acusa\u00e7\u00e3o, os procuradores apontam que o ex-governador foi um dos articuladores e o principal beneficiado do esquema criminoso. Ele foi condenado por desviar dinheiro p\u00fablico de estatais como o Banco do Estado de Minas Gerais (Bemge) e a Companhia de Saneamento de Minas Gerais (Copasa).<\/div>\n<div><\/div>\n<div>O crime, de acordo com o processo, ocorreu em 1998. Mas, a den\u00fancia s\u00f3 foi apresentada em 2007 e tornou-se s\u00edmbolo de lentid\u00e3o da Justi\u00e7a. Al\u00e9m dele, outras 14 pessoas foram denunciadas por pr\u00e1ticas criminosas no mesmo processo.<\/p>\n<\/div>\n<div>\u00a0<em style=\"color: #19232d; font-size: 18px; font-weight: bold; background-color: transparent; letter-spacing: 0.2px;\"><strong><a href=\"http:\/\/www.clickaracoiaba.com.br\/guia\/p\/19\/Anuncie_conosco.html\" target=\"_blank\" rel=\"noopener\">Voc\u00ea est\u00e1 lendo isso? Seu futuro cliente tamb\u00e9m est\u00e1! Anuncie no Guia\u00a0<\/a><\/strong><\/em><em style=\"color: #19232d; font-size: 18px; font-weight: bold; background-color: transparent; letter-spacing: 0.2px;\"><strong><a href=\"http:\/\/www.clickaracoiaba.com.br\/guia\/p\/19\/Anuncie_conosco.html\" target=\"_blank\" rel=\"noopener\">Comercial do Clickara\u00e7oiaba, \u00e9 barato e d\u00e1 resultado!<\/a><\/strong><\/em><\/div>\n<\/div>\n<\/div>\n<\/div>\n<div>\n<div>A primeira condena\u00e7\u00e3o do ex-governador ocorreu em 2015, em primeira inst\u00e2ncia. Em agosto do ano passado, o TJMG manteve a condena\u00e7\u00e3o em segunda inst\u00e2ncia, mas n\u00e3o determinou a pris\u00e3o imediata. A defesa recorreu, mas perdeu o \u00faltimo recurso durante o julgamento da Corte, nesta semana.<\/div>\n<div><\/div>\n<div>A defesa de Azeredo alega que o ex-governador n\u00e3o cometeu os crimes descritos pela Justi\u00e7a. Ainda de acordo com os advogados, o processo se baseia em provas fr\u00e1geis e que n\u00e3o s\u00e3o suficientes para resultar em qualquer tipo de condena\u00e7\u00e3o.<\/div>\n<div><\/div>\n<p><em style=\"font-size: 14px;\">Edi\u00e7\u00e3o: Aur\u00e9lio Fid\u00eancio<br \/>\nMat\u00e9ria:\u00a0<span class=\"ml-10\">Renato Souza<br \/>\nFoto: Lu\u00eds Macedo\/ C\u00e2mara dos Deputados<br \/>\n<\/span>Edi\u00e7\u00e3o de Foto: Aur\u00e9lio Fid\u00eancio<br \/>\nFonte: Correio Braziliense<br \/>\nClickara\u00e7oiaba, O primeiro Portal de Ara\u00e7oiaba da Serra \u2013 SP &#8211;\u00a0Desde 1999<br \/>\n<\/em><em style=\"font-size: 14px;\"><strong>Curta nossa p\u00e1gina no Facebook:<br \/>\n<\/strong><\/em><em style=\"font-size: 14px;\"><a href=\"https:\/\/www.facebook.com\/clickaracoiaba\" target=\"_blank\" rel=\"noopener\">https:\/\/www.facebook.com\/clickaracoiaba<\/a><\/em><\/p>\n<\/div>\n","protected":false},"excerpt":{"rendered":"<p>Ex-governador era considerado foragido desde a manh\u00e3 desta quarta-feira (23\/5), ap\u00f3s perder um recurso no Tribunal de Justi\u00e7a de Minas Gerais O ex-governador de Minas Gerais, Eduardo Azeredo (PSDB), se entregou \u00e0 pol\u00edcia na tarde desta quarta-feira (23\/5). Ele era procurado pelas autoridades desde \u00e0s 8 horas, ap\u00f3s uma condena\u00e7\u00e3o em segunda inst\u00e2ncia no Tribunal&#8230;<\/p>\n","protected":false},"author":1,"featured_media":2950,"comment_status":"open","ping_status":"open","sticky":false,"template":"","format":"standard","meta":{"magazine_newspaper_sidebar_layout":"","footnotes":""},"categories":[9],"tags":[],"class_list":["post-2947","post","type-post","status-publish","format-standard","has-post-thumbnail","hentry","category-politica"],"_links":{"self":[{"href":"https:\/\/www.clickaracoiaba.com.br\/index.php?rest_route=\/wp\/v2\/posts\/2947","targetHints":{"allow":["GET"]}}],"collection":[{"href":"https:\/\/www.clickaracoiaba.com.br\/index.php?rest_route=\/wp\/v2\/posts"}],"about":[{"href":"https:\/\/www.clickaracoiaba.com.br\/index.php?rest_route=\/wp\/v2\/types\/post"}],"author":[{"embeddable":true,"href":"https:\/\/www.clickaracoiaba.com.br\/index.php?rest_route=\/wp\/v2\/users\/1"}],"replies":[{"embeddable":true,"href":"https:\/\/www.clickaracoiaba.com.br\/index.php?rest_route=%2Fwp%2Fv2%2Fcomments&post=2947"}],"version-history":[{"count":0,"href":"https:\/\/www.clickaracoiaba.com.br\/index.php?rest_route=\/wp\/v2\/posts\/2947\/revisions"}],"wp:featuredmedia":[{"embeddable":true,"href":"https:\/\/www.clickaracoiaba.com.br\/index.php?rest_route=\/wp\/v2\/media\/2950"}],"wp:attachment":[{"href":"https:\/\/www.clickaracoiaba.com.br\/index.php?rest_route=%2Fwp%2Fv2%2Fmedia&parent=2947"}],"wp:term":[{"taxonomy":"category","embeddable":true,"href":"https:\/\/www.clickaracoiaba.com.br\/index.php?rest_route=%2Fwp%2Fv2%2Fcategories&post=2947"},{"taxonomy":"post_tag","embeddable":true,"href":"https:\/\/www.clickaracoiaba.com.br\/index.php?rest_route=%2Fwp%2Fv2%2Ftags&post=2947"}],"curies":[{"name":"wp","href":"https:\/\/api.w.org\/{rel}","templated":true}]}}