{"id":2920,"date":"2018-05-18T12:55:43","date_gmt":"2018-05-18T15:55:43","guid":{"rendered":"http:\/\/www.clickaracoiaba.com.br\/?p=2920"},"modified":"2018-05-18T12:55:43","modified_gmt":"2018-05-18T15:55:43","slug":"pedreiro-cai-de-bicicleta-tem-varios-ferimentos-pelo-corpo-sem-poder-trabalhar-responsabiliza-prefeitura-de-capela-por-falta-de-manutencao","status":"publish","type":"post","link":"https:\/\/www.clickaracoiaba.com.br\/?p=2920","title":{"rendered":"Pedreiro cai de bicicleta, tem v\u00e1rios ferimentos pelo corpo, sem poder trabalhar responsabiliza Prefeitura de Capela por falta de manuten\u00e7\u00e3o."},"content":{"rendered":"<h1 class=\"entry-title\"><strong>&#8220;e agora quem vai pagar minhas contas?&#8221;<\/strong><\/h1>\n<p>O pedreiro Ivanildo da Concei\u00e7\u00e3o Alves da Silva de 25 anos, residente no Jd Esperan\u00e7a no Bairro Cercadinho dirigia-se para o trabalho de bicicleta quando perdeu o controle e acabou caindo em meio a grande quantidade de pedriscos na via, sua irm\u00e3 Sra. Maria de Lurdes indignada usou as redes sociais para protestar e questionar a qualidade da obra rec\u00e9m realizada na estrada.<\/p>\n<figure id=\"attachment_2922\" aria-describedby=\"caption-attachment-2922\" style=\"width: 690px\" class=\"wp-caption aligncenter\"><img loading=\"lazy\" decoding=\"async\" class=\"size-full wp-image-2922\" src=\"http:\/\/www.clickaracoiaba.com.br\/wp-content\/uploads\/2018\/05\/32776193_2307755236118241_2148238325293514752_n.jpg\" alt=\"\" width=\"690\" height=\"728\" srcset=\"https:\/\/www.clickaracoiaba.com.br\/wp-content\/uploads\/2018\/05\/32776193_2307755236118241_2148238325293514752_n.jpg 690w, https:\/\/www.clickaracoiaba.com.br\/wp-content\/uploads\/2018\/05\/32776193_2307755236118241_2148238325293514752_n-284x300.jpg 284w, https:\/\/www.clickaracoiaba.com.br\/wp-content\/uploads\/2018\/05\/32776193_2307755236118241_2148238325293514752_n-654x690.jpg 654w\" sizes=\"auto, (max-width: 690px) 100vw, 690px\" \/><figcaption id=\"caption-attachment-2922\" class=\"wp-caption-text\"><span style=\"color: #999999;\"><em>Ferimentos no rosto de Ivanildo<\/em><\/span><\/figcaption><\/figure>\n<figure id=\"attachment_2923\" aria-describedby=\"caption-attachment-2923\" style=\"width: 690px\" class=\"wp-caption aligncenter\"><img loading=\"lazy\" decoding=\"async\" class=\"size-full wp-image-2923\" src=\"http:\/\/www.clickaracoiaba.com.br\/wp-content\/uploads\/2018\/05\/32835123_2307754606118304_8089862650554482688_n.jpg\" alt=\"\" width=\"690\" height=\"475\" srcset=\"https:\/\/www.clickaracoiaba.com.br\/wp-content\/uploads\/2018\/05\/32835123_2307754606118304_8089862650554482688_n.jpg 690w, https:\/\/www.clickaracoiaba.com.br\/wp-content\/uploads\/2018\/05\/32835123_2307754606118304_8089862650554482688_n-300x207.jpg 300w\" sizes=\"auto, (max-width: 690px) 100vw, 690px\" \/><figcaption id=\"caption-attachment-2923\" class=\"wp-caption-text\"><span style=\"color: #999999;\"><em>Ferimentos na m\u00e3o de Ivanildo<\/em><\/span><\/figcaption><\/figure>\n<p>&#8220;Eu s\u00f3 gostaria de saber onde foi aplicada a verba adquirida para fazer o recapeamento das estradas do cercadinho porque aquilo que voc\u00eas fizeram ali e uma piada colocaram s\u00f3 pedriscos que rolam com o vento, imagine com algu\u00e9m de bicicleta indo trabalhar e isso acontece meu irm\u00e3o que mora aqui no cercadinho e vai trabalhar todos os dias de bicicleta ate a capela.&#8221; &#8211; Relata Maria de Lurdes.<\/p>\n<figure id=\"attachment_2921\" aria-describedby=\"caption-attachment-2921\" style=\"width: 690px\" class=\"wp-caption aligncenter\"><img loading=\"lazy\" decoding=\"async\" class=\"size-full wp-image-2921\" src=\"http:\/\/www.clickaracoiaba.com.br\/wp-content\/uploads\/2018\/05\/32853184_2307792572781174_417889610547331072_n.jpg\" alt=\"\" width=\"690\" height=\"399\" srcset=\"https:\/\/www.clickaracoiaba.com.br\/wp-content\/uploads\/2018\/05\/32853184_2307792572781174_417889610547331072_n.jpg 690w, https:\/\/www.clickaracoiaba.com.br\/wp-content\/uploads\/2018\/05\/32853184_2307792572781174_417889610547331072_n-300x173.jpg 300w\" sizes=\"auto, (max-width: 690px) 100vw, 690px\" \/><figcaption id=\"caption-attachment-2921\" class=\"wp-caption-text\"><span style=\"color: #999999;\"><em>Estrada que liga o B\u00b0 Cercadinha ao Centro de Capela do Alto.<\/em><\/span><\/figcaption><\/figure>\n<p>O acidente aconteceu na manh\u00e3 desta quinta (17) na estrada que liga o Cercadinho \u00e0 regi\u00e3o central de Capela do Alto. Em visita ao local constatamos que realmente existe uma grossa camada de pedrisco solto no que parece ser asfalto esfarelado ou algo assim, passar naquele local de bicicleta ou moto realmente n\u00e3o \u00e9 uma boa ideia.<\/p>\n<div>\n<div class=\"mc-column content-text active-extra-styles \" data-block-type=\"unstyled\" data-block-weight=\"36\" data-block-id=\"6\">\n<div class=\"mc-column content-text active-extra-styles \" data-block-type=\"unstyled\" data-block-weight=\"27\" data-block-id=\"5\">\n<blockquote>\n<div><span style=\"color: #0000ff;\">\u00a0<a href=\"http:\/\/www.capeladoalto.com.br\/?p=cadastro\" target=\"_blank\" rel=\"noopener\"><em style=\"font-size: 18px; font-weight: bold; background-color: transparent; letter-spacing: 0.2px;\"><strong>Voc\u00ea est\u00e1 lendo isso? Seu futuro cliente tamb\u00e9m est\u00e1! Anuncie no Guia\u00a0<\/strong><\/em><em style=\"font-size: 18px; font-weight: bold; background-color: transparent; letter-spacing: 0.2px;\"><strong>Comercial do Capeladoalto.com.br, \u00e9 barato e d\u00e1 resultado!<\/strong><\/em><\/a><\/span><\/div>\n<div><\/div>\n<\/blockquote>\n<\/div>\n<\/div>\n<\/div>\n<div>\n<p>Com ferimentos nas m\u00e3os o Ivanildo que \u00e9 aut\u00f4nomo segue sem trabalhar e lamenta os preju\u00edzos, pois al\u00e9m das contas que continuaram a se acumular, Ivanildo perdeu sua bicicleta que \u00e9 seu \u00fanico meio de transportedo qual depende para ir trabalhar.<\/p>\n<figure id=\"attachment_2924\" aria-describedby=\"caption-attachment-2924\" style=\"width: 690px\" class=\"wp-caption aligncenter\"><img loading=\"lazy\" decoding=\"async\" class=\"size-full wp-image-2924\" src=\"http:\/\/www.clickaracoiaba.com.br\/wp-content\/uploads\/2018\/05\/32665349_2307754979451600_3521758210740453376_n.jpg\" alt=\"\" width=\"690\" height=\"388\" srcset=\"https:\/\/www.clickaracoiaba.com.br\/wp-content\/uploads\/2018\/05\/32665349_2307754979451600_3521758210740453376_n.jpg 690w, https:\/\/www.clickaracoiaba.com.br\/wp-content\/uploads\/2018\/05\/32665349_2307754979451600_3521758210740453376_n-300x169.jpg 300w\" sizes=\"auto, (max-width: 690px) 100vw, 690px\" \/><figcaption id=\"caption-attachment-2924\" class=\"wp-caption-text\">Bicicleta danificada ap\u00f3s o acidente.<\/figcaption><\/figure>\n<p>Ivanildo e\u00a0 familiares consideram procurar um advogado e representar a prefeitura de Capela do Alto para que o poder p\u00fablico remova os dejetos da via e arquem com os preju\u00edzos de Ivanildo.<\/p>\n<p><em style=\"font-size: 14px;\"><br \/>\n<\/em><em style=\"font-size: 14px;\"><a href=\"http:\/\/www.capeladoalto.com.br\" target=\"_blank\" rel=\"noopener\">Capeladoalto.com.br<\/a> filiado ao Clickara\u00e7oiaba, O primeiro Portal de Capela do Alto \u2013 SP &#8211;\u00a0Desde 2009<br \/>\n<\/em><em style=\"font-size: 14px;\"><strong>Curta nossa p\u00e1gina no Facebook:<br \/>\n<\/strong><\/em><em style=\"font-size: 14px;\"><a href=\"https:\/\/www.facebook.com\/capeladoalto\" target=\"_blank\" rel=\"noopener\">https:\/\/www.facebook.com\/capeladoalto<\/a><\/em><\/p>\n<\/div>\n","protected":false},"excerpt":{"rendered":"<p>&#8220;e agora quem vai pagar minhas contas?&#8221; O pedreiro Ivanildo da Concei\u00e7\u00e3o Alves da Silva de 25 anos, residente no Jd Esperan\u00e7a no Bairro Cercadinho dirigia-se para o trabalho de bicicleta quando perdeu o controle e acabou caindo em meio a grande quantidade de pedriscos na via, sua irm\u00e3 Sra. Maria de Lurdes indignada usou&#8230;<\/p>\n","protected":false},"author":1,"featured_media":2925,"comment_status":"open","ping_status":"open","sticky":false,"template":"","format":"standard","meta":{"magazine_newspaper_sidebar_layout":"","footnotes":""},"categories":[123],"tags":[331,330,333,332],"class_list":["post-2920","post","type-post","status-publish","format-standard","has-post-thumbnail","hentry","category-capeladoalto","tag-governo-de-capela-do-alto","tag-keke-prefeito-de-capela","tag-noticias-de-capela-do-alto","tag-obras-de-capela-do-alto-2018"],"_links":{"self":[{"href":"https:\/\/www.clickaracoiaba.com.br\/index.php?rest_route=\/wp\/v2\/posts\/2920","targetHints":{"allow":["GET"]}}],"collection":[{"href":"https:\/\/www.clickaracoiaba.com.br\/index.php?rest_route=\/wp\/v2\/posts"}],"about":[{"href":"https:\/\/www.clickaracoiaba.com.br\/index.php?rest_route=\/wp\/v2\/types\/post"}],"author":[{"embeddable":true,"href":"https:\/\/www.clickaracoiaba.com.br\/index.php?rest_route=\/wp\/v2\/users\/1"}],"replies":[{"embeddable":true,"href":"https:\/\/www.clickaracoiaba.com.br\/index.php?rest_route=%2Fwp%2Fv2%2Fcomments&post=2920"}],"version-history":[{"count":0,"href":"https:\/\/www.clickaracoiaba.com.br\/index.php?rest_route=\/wp\/v2\/posts\/2920\/revisions"}],"wp:featuredmedia":[{"embeddable":true,"href":"https:\/\/www.clickaracoiaba.com.br\/index.php?rest_route=\/wp\/v2\/media\/2925"}],"wp:attachment":[{"href":"https:\/\/www.clickaracoiaba.com.br\/index.php?rest_route=%2Fwp%2Fv2%2Fmedia&parent=2920"}],"wp:term":[{"taxonomy":"category","embeddable":true,"href":"https:\/\/www.clickaracoiaba.com.br\/index.php?rest_route=%2Fwp%2Fv2%2Fcategories&post=2920"},{"taxonomy":"post_tag","embeddable":true,"href":"https:\/\/www.clickaracoiaba.com.br\/index.php?rest_route=%2Fwp%2Fv2%2Ftags&post=2920"}],"curies":[{"name":"wp","href":"https:\/\/api.w.org\/{rel}","templated":true}]}}