{"id":2742,"date":"2018-03-31T01:42:52","date_gmt":"2018-03-31T04:42:52","guid":{"rendered":"http:\/\/www.clickaracoiaba.com.br\/?p=2742"},"modified":"2018-03-31T01:42:52","modified_gmt":"2018-03-31T04:42:52","slug":"pabllo-vittar-faz-plastica-e-outras-duas-cirurgias-no-nariz","status":"publish","type":"post","link":"https:\/\/www.clickaracoiaba.com.br\/?p=2742","title":{"rendered":"Pabllo Vittar faz pl\u00e1stica e outras duas cirurgias no nariz."},"content":{"rendered":"<h2 class=\"article-subtitle\">Segundo representante da cantora, o motivo dos procedimentos n\u00e3o foi est\u00e9tico.<\/h2>\n<h5><span style=\"color: #0000ff;\">Antes de continuar lendo a mat\u00e9ria siga a p\u00e1gina do <a href=\"http:\/\/www.facebook.com\/clickaracoiaba\" target=\"_blank\" rel=\"noopener\">Clickara\u00e7oiaba no Facebook<\/a> e fique por dentro das principais not\u00edcias e acontecimentos de Ara\u00e7oiaba da Serra e Capela do Alto.<\/span><\/h5>\n<div>\n<h6>APROVEITE <span style=\"color: #ff0000;\">[INSCREVA-SE]<\/span> em nosso canal e assista a nossa \u00faltima mat\u00e9ria em v\u00eddeo:<\/h6>\n<p><a href=\"https:\/\/www.youtube.com\/user\/aracoiabadaserra?sub_confirmation=1\" target=\"_blank\" rel=\"noopener\"><img loading=\"lazy\" decoding=\"async\" class=\"aligncenter size-full wp-image-2537\" src=\"http:\/\/www.clickaracoiaba.com.br\/wp-content\/uploads\/2018\/02\/youtube.jpg\" alt=\"\" width=\"700\" height=\"300\" \/><\/a><\/p>\n<\/div>\n<div id=\"notCorpo\" class=\"ng-binding\">\n<p>Pabllo Vittar foi submetida a tr\u00eas procedimentos cir\u00fargicos no nariz. A cantora publicou no Instagram v\u00eddeos em que mostra os curativos no rosto. Segundo a assessoria de imprensa de Pabllo, ela passou, de uma vez, por cirurgias para corre\u00e7\u00e3o do desvio de septo, remo\u00e7\u00e3o de adenoide (conjunto de tecido linfoide, parecido com g\u00e2nglios, que ficam nas cavidades nasais e podem causar dificuldade para respirar) e pl\u00e1stica no nariz.<\/p>\n<p>O motivo, contudo, n\u00e3o seria est\u00e9tico. \u201cFoi uma quest\u00e3o de sa\u00fade\u201d, afirmou representante da cantora. Como Pabllo est\u00e1 de f\u00e9rias, o tratamento m\u00e9dico n\u00e3o vai afetar sua agenda de shows.<\/p>\n<\/div>\n<blockquote>\n<blockquote class=\"modern-quote full\">\n<h3><em><strong><a href=\"http:\/\/www.clickaracoiaba.com.br\/guia\/p\/19\/Anuncie_conosco.html\" target=\"_blank\" rel=\"noopener\">Voc\u00ea est\u00e1 lendo isso? Seu futuro cliente tamb\u00e9m est\u00e1! Anuncie no Guia\u00a0<\/a><\/strong><\/em><em><strong><a href=\"http:\/\/www.clickaracoiaba.com.br\/guia\/p\/19\/Anuncie_conosco.html\" target=\"_blank\" rel=\"noopener\">Comercial do Clickara\u00e7oiaba, \u00e9 barato e d\u00e1 resultado!<\/a><\/strong><\/em><\/h3>\n<\/blockquote>\n<\/blockquote>\n<div>\n<div class=\"mc-column content-text active-extra-styles \" data-block-type=\"unstyled\" data-block-weight=\"24\" data-block-id=\"7\">\n<div class=\"mc-column content-text active-extra-styles \" data-block-type=\"unstyled\" data-block-weight=\"29\" data-block-id=\"3\">\n<figure id=\"attachment_2743\" aria-describedby=\"caption-attachment-2743\" style=\"width: 690px\" class=\"wp-caption aligncenter\"><img loading=\"lazy\" decoding=\"async\" class=\"size-full wp-image-2743\" src=\"http:\/\/www.clickaracoiaba.com.br\/wp-content\/uploads\/2018\/03\/entretenimento-pablo-vittar-cirurgia.jpg\" alt=\"\" width=\"690\" height=\"460\" srcset=\"https:\/\/www.clickaracoiaba.com.br\/wp-content\/uploads\/2018\/03\/entretenimento-pablo-vittar-cirurgia.jpg 690w, https:\/\/www.clickaracoiaba.com.br\/wp-content\/uploads\/2018\/03\/entretenimento-pablo-vittar-cirurgia-300x200.jpg 300w\" sizes=\"auto, (max-width: 690px) 100vw, 690px\" \/><figcaption id=\"caption-attachment-2743\" class=\"wp-caption-text\"><em><span style=\"color: #999999;\">Instagram\/Reprodu\u00e7\u00e3o<\/span><\/em><\/figcaption><\/figure>\n<p><a href=\"http:\/\/www.clickaracoiaba.com.br\/guia\/empresa\/598\" target=\"_blank\" rel=\"noopener\"><img loading=\"lazy\" decoding=\"async\" class=\"aligncenter size-full wp-image-2132\" src=\"http:\/\/www.clickaracoiaba.com.br\/wp-content\/uploads\/2018\/02\/meiapizza-carrocao.png\" alt=\"\" width=\"700\" height=\"543\" srcset=\"https:\/\/www.clickaracoiaba.com.br\/wp-content\/uploads\/2018\/02\/meiapizza-carrocao.png 700w, https:\/\/www.clickaracoiaba.com.br\/wp-content\/uploads\/2018\/02\/meiapizza-carrocao-300x233.png 300w, https:\/\/www.clickaracoiaba.com.br\/wp-content\/uploads\/2018\/02\/meiapizza-carrocao-690x535.png 690w\" sizes=\"auto, (max-width: 700px) 100vw, 700px\" \/><\/a><\/p>\n<\/div>\n<\/div>\n<div class=\"mc-column content-text active-extra-styles \" data-block-type=\"unstyled\" data-block-weight=\"24\" data-block-id=\"7\">\n<div class=\"mc-column content-text active-extra-styles \" data-block-type=\"unstyled\" data-block-weight=\"29\" data-block-id=\"3\">\n<div><span style=\"color: #999999;\"><em><br \/>\nClickara\u00e7oiaba, O primeiro Portal de Ara\u00e7oiaba da Serra \u2013 SP &#8211;\u00a0Desde 1999<\/em><\/span><br \/>\n<span style=\"color: #999999;\"><em> <strong>Curta nossa p\u00e1gina no Facebook:<\/strong><\/em><\/span><br \/>\n<span style=\"color: #999999;\"><em> <a href=\"https:\/\/www.facebook.com\/clickaracoiaba\" target=\"_blank\" rel=\"noopener\">https:\/\/www.facebook.com\/clickaracoiaba<\/a><\/em><\/span><\/div>\n<\/div>\n<\/div>\n<\/div>\n","protected":false},"excerpt":{"rendered":"<p>Segundo representante da cantora, o motivo dos procedimentos n\u00e3o foi est\u00e9tico. Antes de continuar lendo a mat\u00e9ria siga a p\u00e1gina do Clickara\u00e7oiaba no Facebook e fique por dentro das principais not\u00edcias e acontecimentos de Ara\u00e7oiaba da Serra e Capela do Alto. APROVEITE [INSCREVA-SE] em nosso canal e assista a nossa \u00faltima mat\u00e9ria em v\u00eddeo: Pabllo&#8230;<\/p>\n","protected":false},"author":1,"featured_media":2743,"comment_status":"open","ping_status":"open","sticky":false,"template":"","format":"standard","meta":{"magazine_newspaper_sidebar_layout":"","footnotes":""},"categories":[8],"tags":[314,316,315],"class_list":["post-2742","post","type-post","status-publish","format-standard","has-post-thumbnail","hentry","category-mulher","tag-pabllo-vittar-assassinado","tag-pabllo-vittar-e-internado","tag-pabllo-vittar-morre"],"_links":{"self":[{"href":"https:\/\/www.clickaracoiaba.com.br\/index.php?rest_route=\/wp\/v2\/posts\/2742","targetHints":{"allow":["GET"]}}],"collection":[{"href":"https:\/\/www.clickaracoiaba.com.br\/index.php?rest_route=\/wp\/v2\/posts"}],"about":[{"href":"https:\/\/www.clickaracoiaba.com.br\/index.php?rest_route=\/wp\/v2\/types\/post"}],"author":[{"embeddable":true,"href":"https:\/\/www.clickaracoiaba.com.br\/index.php?rest_route=\/wp\/v2\/users\/1"}],"replies":[{"embeddable":true,"href":"https:\/\/www.clickaracoiaba.com.br\/index.php?rest_route=%2Fwp%2Fv2%2Fcomments&post=2742"}],"version-history":[{"count":0,"href":"https:\/\/www.clickaracoiaba.com.br\/index.php?rest_route=\/wp\/v2\/posts\/2742\/revisions"}],"wp:featuredmedia":[{"embeddable":true,"href":"https:\/\/www.clickaracoiaba.com.br\/index.php?rest_route=\/wp\/v2\/media\/2743"}],"wp:attachment":[{"href":"https:\/\/www.clickaracoiaba.com.br\/index.php?rest_route=%2Fwp%2Fv2%2Fmedia&parent=2742"}],"wp:term":[{"taxonomy":"category","embeddable":true,"href":"https:\/\/www.clickaracoiaba.com.br\/index.php?rest_route=%2Fwp%2Fv2%2Fcategories&post=2742"},{"taxonomy":"post_tag","embeddable":true,"href":"https:\/\/www.clickaracoiaba.com.br\/index.php?rest_route=%2Fwp%2Fv2%2Ftags&post=2742"}],"curies":[{"name":"wp","href":"https:\/\/api.w.org\/{rel}","templated":true}]}}