{"id":1596,"date":"2017-12-14T05:05:19","date_gmt":"2017-12-14T07:05:19","guid":{"rendered":"http:\/\/www.clickaracoiaba.com.br\/?p=1596"},"modified":"2017-12-13T04:06:47","modified_gmt":"2017-12-13T06:06:47","slug":"onibus-de-aracoiaba-entrarao-em-greve-terca-19-junto-com-mais-41-cidades-da-regiao","status":"publish","type":"post","link":"https:\/\/www.clickaracoiaba.com.br\/?p=1596","title":{"rendered":"\u00d4nibus de Ara\u00e7oiaba entrar\u00e3o em greve ter\u00e7a (19) junto com mais 41 cidades da regi\u00e3o."},"content":{"rendered":"<div>\n<figure id=\"attachment_1597\" aria-describedby=\"caption-attachment-1597\" style=\"width: 700px\" class=\"wp-caption aligncenter\"><img loading=\"lazy\" decoding=\"async\" class=\"size-full wp-image-1597\" src=\"http:\/\/www.clickaracoiaba.com.br\/wp-content\/uploads\/2017\/12\/onibus-aracoiaba.jpg\" alt=\"\" width=\"700\" height=\"452\" srcset=\"https:\/\/www.clickaracoiaba.com.br\/wp-content\/uploads\/2017\/12\/onibus-aracoiaba.jpg 700w, https:\/\/www.clickaracoiaba.com.br\/wp-content\/uploads\/2017\/12\/onibus-aracoiaba-300x194.jpg 300w, https:\/\/www.clickaracoiaba.com.br\/wp-content\/uploads\/2017\/12\/onibus-aracoiaba-690x446.jpg 690w\" sizes=\"auto, (max-width: 700px) 100vw, 700px\" \/><figcaption id=\"caption-attachment-1597\" class=\"wp-caption-text\"><span style=\"color: #999999;\"><em>Foto: Eduardo Almeida<\/em><\/span><\/figcaption><\/figure>\n<\/div>\n<div data-offset-key=\"bptlo-0-0\">\n<div>O Sindicato dos Rodovi\u00e1rios de Sorocaba e Regi\u00e3o anunciou na tarde desta ter\u00e7a-feira (12) que os trabalhadores em transportes representados pela entidade, cuja base inclui 42 cidades, ir\u00e3o participar da greve nacional contra a reforma da Previd\u00eancia Social proposta pelo Governo Temer e em defesa de direitos trabalhistas marcada para a pr\u00f3xima ter\u00e7a-feira, 19 de dezembro. A paralisa\u00e7\u00e3o ser\u00e1 de 24 horas e tem como objetivo, segundo os sindicalistas, impedir que os deputados federais aprovem a reforma da Previd\u00eancia (PEC\/Proposta de Emenda Constitucional 287\/2016).<\/div>\n<div><\/div>\n<div>\u201cA greve \u00e9 uma convoca\u00e7\u00e3o de todas as centrais sindicais brasileiras e ir\u00e1 acontecer em todo o Pa\u00eds, com a ades\u00e3o das diversas categorias de trabalhadores de todos os ramos da economia\u201d, destaca nota oficial do Sindicato dos Rodovi\u00e1rios, acrescentando que nos 42 munic\u00edpios que comp\u00f5em sua base de representa\u00e7\u00e3o sindical &#8211; ou seja, de Ara\u00e7ariguama at\u00e9 Itarar\u00e9, passando pelas regi\u00f5es de Sorocaba, Itapetininga e Itapeva \u2013 \u201cos trabalhadores em transportes urbano, intermunicipal, rodovi\u00e1rio, de fretamento e de cargas ir\u00e3o paralisar as atividades\u201d.<\/div>\n<div><\/div>\n<div class=\"\" data-block=\"true\" data-editor=\"51ncf\" data-offset-key=\"bptlo-0-0\">\n<div data-offset-key=\"bptlo-0-0\">\n<blockquote>\n<p data-track-category=\"Link no Texto\" data-track-links=\"\"><strong>T\u00e1 lendo isso?<\/strong><br \/>\n<strong>Seu cliente tamb\u00e9m est\u00e1!<\/strong><br \/>\nSe voc\u00ea presta qualquer tipo de servi\u00e7o, ou comercializa algo, anuncie no <strong><a href=\"http:\/\/www.clickaracoiaba.com.br\/guia\/?p=anuncie\" target=\"_blank\" rel=\"noopener\">GUIA COMERCIAL DE ARA\u00c7OIABA DA SERRA<\/a><\/strong><a href=\"http:\/\/www.capeladoalto.com.br\" target=\"_blank\" rel=\"noopener\">\u00a0<\/a>\u00e9 barato e d\u00e1 resultado, a partir de\u00a0<em><strong>apenas $5 (cinco reais) ao m\u00eas*<\/strong><\/em> sua empresa ser\u00e1 vista e lembrada. Visite<strong>:\u00a0<a href=\"http:\/\/www.clickaracoiaba.com.br\/guia\" target=\"_blank\" rel=\"noopener\">http:\/\/www.clickaracoiaba.com.br\/guia<\/a><\/strong><\/p>\n<\/blockquote>\n<\/div>\n<\/div>\n<div>Nesta quarta-feira (13), o Sindicato dos Rodovi\u00e1rios informa que estar\u00e1 protocolando nas empresas as notifica\u00e7\u00f5es de paralisa\u00e7\u00e3o em cumprimento \u00e0 lei de greve em servi\u00e7o essencial, que determina o protocolo do comunicado de greve com 72 horas de anteced\u00eancia da paralisa\u00e7\u00e3o.<\/div>\n<div><\/div>\n<div>Para os sindicalistas ligados \u00e0 Central \u00danica dos Trabalhadores, a CUT, \u201cao contr\u00e1rio da propaganda governamental de que a proposta visa cortar privil\u00e9gios e assegurar a continuidade da pol\u00edtica previdenci\u00e1ria, amea\u00e7ada por um suposto d\u00e9ficit\u201d, a reforma da Previd\u00eancia proposta pelo Governo Temer \u201cretira direitos e dificulta o acesso dos trabalhadores aos benef\u00edcios previdenci\u00e1rios, ao mesmo tempo em que mant\u00e9m os privil\u00e9gios de deputados, senadores, ju\u00edzes, membros do Minist\u00e9rio P\u00fablico e das For\u00e7as Armadas, que se aposentam com altos sal\u00e1rios e contribuem menos\u201d.<\/div>\n<div><\/div>\n<div><strong>BREVE RECUO<\/strong>\u00a0&#8211; O presidente Michel Temer (PMDB) e o presidente da C\u00e2mara dos Deputados Rodrigo Maia (DEM) iriam colocar a reforma da Previd\u00eancia em vota\u00e7\u00e3o no \u00faltimo dia 6, mas recuaram porque n\u00e3o tinham contabilizado todos os votos necess\u00e1rios.\u00a0 Diante desse recuo, as centrais sindicais tamb\u00e9m cancelaram a greve nacional, ent\u00e3o agendada para o dia 5, e refor\u00e7aram a press\u00e3o direta sobre os deputados federais.<\/div>\n<div><\/div>\n<\/div>\n<p><em>Mat\u00e9ria: Aur\u00e9lio Fid\u00eancio<\/em><br \/>\n<i>Informa\u00e7\u00f5es: CUT Sorocaba.<\/i><br \/>\n<em> Clickara\u00e7oiaba, O primeiro Portal de Ara\u00e7oiaba da Serra \u2013 SP &#8211;\u00a0<\/em><em>Desde 1999<\/em><br \/>\n<em> WhatsApp: (15) 99732-1144<\/em><br \/>\n<em> <strong>Curta nossa p\u00e1gina no Facebook:<\/strong><\/em><br \/>\n<em> <a href=\"https:\/\/www.facebook.com\/clickaracoiaba\" target=\"_blank\" rel=\"noopener\">https:\/\/www.facebook.com\/clickaracoiaba<\/a><\/em><br \/>\n<em> <strong>Participe de nosso grupo de not\u00edcias no WhatsApp:<a href=\"https:\/\/chat.whatsapp.com\/4xJikNjir6wGNFNRS7LtOe\" target=\"_blank\" rel=\"noopener\"><br \/>\n<\/a><\/strong><strong><a href=\"https:\/\/chat.whatsapp.com\/4xJikNjir6wGNFNRS7LtOe\" target=\"_blank\" rel=\"noopener\"> https:\/\/chat.whatsapp.com\/4xJikNjir6wGNFNRS<\/a><\/strong><\/em><\/p>\n","protected":false},"excerpt":{"rendered":"<p>O Sindicato dos Rodovi\u00e1rios de Sorocaba e Regi\u00e3o anunciou na tarde desta ter\u00e7a-feira (12) que os trabalhadores em transportes representados pela entidade, cuja base inclui 42 cidades, ir\u00e3o participar da greve nacional contra a reforma da Previd\u00eancia Social proposta pelo Governo Temer e em defesa de direitos trabalhistas marcada para a pr\u00f3xima ter\u00e7a-feira, 19 de&#8230;<\/p>\n","protected":false},"author":1,"featured_media":1597,"comment_status":"open","ping_status":"open","sticky":false,"template":"","format":"standard","meta":{"magazine_newspaper_sidebar_layout":"","footnotes":""},"categories":[106,104],"tags":[277],"class_list":["post-1596","post","type-post","status-publish","format-standard","has-post-thumbnail","hentry","category-aracoiaba","category-regiao","tag-greve-de-onibus-em-aracoiaba-da-serra"],"_links":{"self":[{"href":"https:\/\/www.clickaracoiaba.com.br\/index.php?rest_route=\/wp\/v2\/posts\/1596","targetHints":{"allow":["GET"]}}],"collection":[{"href":"https:\/\/www.clickaracoiaba.com.br\/index.php?rest_route=\/wp\/v2\/posts"}],"about":[{"href":"https:\/\/www.clickaracoiaba.com.br\/index.php?rest_route=\/wp\/v2\/types\/post"}],"author":[{"embeddable":true,"href":"https:\/\/www.clickaracoiaba.com.br\/index.php?rest_route=\/wp\/v2\/users\/1"}],"replies":[{"embeddable":true,"href":"https:\/\/www.clickaracoiaba.com.br\/index.php?rest_route=%2Fwp%2Fv2%2Fcomments&post=1596"}],"version-history":[{"count":0,"href":"https:\/\/www.clickaracoiaba.com.br\/index.php?rest_route=\/wp\/v2\/posts\/1596\/revisions"}],"wp:featuredmedia":[{"embeddable":true,"href":"https:\/\/www.clickaracoiaba.com.br\/index.php?rest_route=\/wp\/v2\/media\/1597"}],"wp:attachment":[{"href":"https:\/\/www.clickaracoiaba.com.br\/index.php?rest_route=%2Fwp%2Fv2%2Fmedia&parent=1596"}],"wp:term":[{"taxonomy":"category","embeddable":true,"href":"https:\/\/www.clickaracoiaba.com.br\/index.php?rest_route=%2Fwp%2Fv2%2Fcategories&post=1596"},{"taxonomy":"post_tag","embeddable":true,"href":"https:\/\/www.clickaracoiaba.com.br\/index.php?rest_route=%2Fwp%2Fv2%2Ftags&post=1596"}],"curies":[{"name":"wp","href":"https:\/\/api.w.org\/{rel}","templated":true}]}}