{"id":12086,"date":"2015-08-13T06:24:00","date_gmt":"2015-08-13T09:24:00","guid":{"rendered":"https:\/\/www.clickaracoiaba.com.br\/?p=12086"},"modified":"2026-03-26T18:16:34","modified_gmt":"2026-03-26T21:16:34","slug":"homem-e-morto-com-tiro-na-cabeca-em-aracoiaba-da-serra","status":"publish","type":"post","link":"https:\/\/www.clickaracoiaba.com.br\/?p=12086","title":{"rendered":"Homem \u00e9 morto com tiro na cabe\u00e7a em Ara\u00e7oiaba da Serra"},"content":{"rendered":"\n<h2 class=\"wp-block-heading\">Corpo foi localizado por policiais militares durante patrulhamento na madrugada desta quinta-feira (13); v\u00edtima n\u00e3o tinha passagens pela pol\u00edcia.<br><\/h2>\n\n\n\n<p>Um homem de 32 anos foi encontrado morto na madrugada desta quinta-feira (13) no bairro Alcides Vieira, em Ara\u00e7oiaba da Serra. De acordo com informa\u00e7\u00f5es da Pol\u00edcia Militar, a v\u00edtima estava com um tiro na regi\u00e3o da cabe\u00e7a.<br><br>Os policiais encontraram o corpo na rua Jos\u00e9 Magnani, altura do n\u00famero 88, durante patrulhamento de rotina pela regi\u00e3o. A v\u00edtima, que n\u00e3o teve o nome divulgado, n\u00e3o tinha registro de passagens pela pol\u00edcia, segundo a corpora\u00e7\u00e3o.<br><br>O local foi imediatamente isolado pelos agentes at\u00e9 a chegada da per\u00edcia t\u00e9cnica. Equipes da Pol\u00edcia Cient\u00edfica estiveram no local para realizar os trabalhos de coleta de vest\u00edgios e levantamento pericial.<br><br>A Pol\u00edcia Civil investigar\u00e1 as circunst\u00e2ncias do homic\u00eddio. At\u00e9 o momento, ningu\u00e9m foi preso e n\u00e3o h\u00e1 informa\u00e7\u00f5es sobre autoria ou motiva\u00e7\u00e3o do crime. O corpo foi encaminhado ao Instituto M\u00e9dico Legal (IML) para exames complementares.<\/p>\n","protected":false},"excerpt":{"rendered":"<p>Corpo foi localizado por policiais militares durante patrulhamento na madrugada desta quinta-feira (13); v\u00edtima n\u00e3o tinha passagens pela pol\u00edcia. Um homem de 32 anos foi encontrado morto na madrugada desta quinta-feira (13) no bairro Alcides Vieira, em Ara\u00e7oiaba da Serra. De acordo com informa\u00e7\u00f5es da Pol\u00edcia Militar, a v\u00edtima estava com um tiro na regi\u00e3o&#8230;<\/p>\n","protected":false},"author":1,"featured_media":12088,"comment_status":"open","ping_status":"open","sticky":false,"template":"","format":"standard","meta":{"magazine_newspaper_sidebar_layout":"","footnotes":""},"categories":[105],"tags":[],"class_list":["post-12086","post","type-post","status-publish","format-standard","has-post-thumbnail","hentry","category-policia"],"_links":{"self":[{"href":"https:\/\/www.clickaracoiaba.com.br\/index.php?rest_route=\/wp\/v2\/posts\/12086","targetHints":{"allow":["GET"]}}],"collection":[{"href":"https:\/\/www.clickaracoiaba.com.br\/index.php?rest_route=\/wp\/v2\/posts"}],"about":[{"href":"https:\/\/www.clickaracoiaba.com.br\/index.php?rest_route=\/wp\/v2\/types\/post"}],"author":[{"embeddable":true,"href":"https:\/\/www.clickaracoiaba.com.br\/index.php?rest_route=\/wp\/v2\/users\/1"}],"replies":[{"embeddable":true,"href":"https:\/\/www.clickaracoiaba.com.br\/index.php?rest_route=%2Fwp%2Fv2%2Fcomments&post=12086"}],"version-history":[{"count":0,"href":"https:\/\/www.clickaracoiaba.com.br\/index.php?rest_route=\/wp\/v2\/posts\/12086\/revisions"}],"wp:featuredmedia":[{"embeddable":true,"href":"https:\/\/www.clickaracoiaba.com.br\/index.php?rest_route=\/wp\/v2\/media\/12088"}],"wp:attachment":[{"href":"https:\/\/www.clickaracoiaba.com.br\/index.php?rest_route=%2Fwp%2Fv2%2Fmedia&parent=12086"}],"wp:term":[{"taxonomy":"category","embeddable":true,"href":"https:\/\/www.clickaracoiaba.com.br\/index.php?rest_route=%2Fwp%2Fv2%2Fcategories&post=12086"},{"taxonomy":"post_tag","embeddable":true,"href":"https:\/\/www.clickaracoiaba.com.br\/index.php?rest_route=%2Fwp%2Fv2%2Ftags&post=12086"}],"curies":[{"name":"wp","href":"https:\/\/api.w.org\/{rel}","templated":true}]}}