{"id":11657,"date":"2026-01-21T13:33:50","date_gmt":"2026-01-21T16:33:50","guid":{"rendered":"https:\/\/www.clickaracoiaba.com.br\/?p=11657"},"modified":"2026-01-21T13:33:53","modified_gmt":"2026-01-21T16:33:53","slug":"casa-da-cultura-de-aracoiaba-da-serra-abre-inscricoes-para-novo-coral-de-vozes","status":"publish","type":"post","link":"https:\/\/www.clickaracoiaba.com.br\/?p=11657","title":{"rendered":"Casa da Cultura de Ara\u00e7oiaba da Serra Abre Inscri\u00e7\u00f5es para Novo Coral de Vozes"},"content":{"rendered":"\n<h3 class=\"wp-block-heading\">Audi\u00e7\u00f5es para vozes masculinas e femininas acontecem em dias separados, in\u00edcio de fevereiro; n\u00e3o \u00e9 necess\u00e1ria experi\u00eancia pr\u00e9via, apenas vontade de aprender.<\/h3>\n\n\n\n<p>A Secretaria de Cultura e Turismo de Ara\u00e7oiaba da Serra est\u00e1 formando um novo Coral de Vozes na Casa da Cultura e convida a popula\u00e7\u00e3o para participar do processo seletivo. As audi\u00e7\u00f5es e testes vocais ser\u00e3o realizadas em datas distintas: para vozes masculinas no dia 02 de fevereiro, e para vozes femininas no dia 04 de fevereiro. Ambos os encontros est\u00e3o marcados para as 19 horas, na sede da Casa da Cultura. A iniciativa tem como objetivo principal incentivar a participa\u00e7\u00e3o comunit\u00e1ria e fortalecer a cena cultural local, oferecendo uma oportunidade art\u00edstica acess\u00edvel a todos os interessados.<\/p>\n\n\n\n<p>Um dos pontos mais democr\u00e1ticos da convocat\u00f3ria \u00e9 a abertura para iniciantes. A organiza\u00e7\u00e3o deixa claro que n\u00e3o \u00e9 necess\u00e1ria experi\u00eancia pr\u00e9via em corais ou forma\u00e7\u00e3o musical espec\u00edfica. O \u00fanico requisito fundamental, al\u00e9m da idade m\u00ednima n\u00e3o especificada mas t\u00e1cita para atividades noturnas, \u00e9 a genu\u00edna vontade de aprender e a disponibilidade para comparecer aos ensaios regulares. O cronograma completo de ensaios, com dias e hor\u00e1rios semanais, ser\u00e1 divulgado pela Secretaria ap\u00f3s a conclus\u00e3o do processo de sele\u00e7\u00e3o e forma\u00e7\u00e3o do grupo.<\/p>\n\n\n\n<figure class=\"wp-block-image size-full is-resized\"><img loading=\"lazy\" decoding=\"async\" width=\"760\" height=\"300\" src=\"https:\/\/www.clickaracoiaba.com.br\/wp-content\/uploads\/2026\/01\/quevedo-ads-clickaracoiaba-2026.jpg\" alt=\"\" class=\"wp-image-11560\" style=\"width:840px;height:auto\" srcset=\"https:\/\/www.clickaracoiaba.com.br\/wp-content\/uploads\/2026\/01\/quevedo-ads-clickaracoiaba-2026.jpg 760w, https:\/\/www.clickaracoiaba.com.br\/wp-content\/uploads\/2026\/01\/quevedo-ads-clickaracoiaba-2026-300x118.jpg 300w, https:\/\/www.clickaracoiaba.com.br\/wp-content\/uploads\/2026\/01\/quevedo-ads-clickaracoiaba-2026-690x272.jpg 690w\" sizes=\"auto, (max-width: 760px) 100vw, 760px\" \/><\/figure>\n\n\n\n<p>Os interessados em participar devem comparecer pessoalmente \u00e0 Casa da Cultura no dia correspondente ao seu grupo vocal (masculino ou feminino), pontualmente \u00e0s 19h. N\u00e3o h\u00e1 necessidade de inscri\u00e7\u00e3o pr\u00e9via online ou por telefone. No local, os candidatos passar\u00e3o por uma audi\u00e7\u00e3o simples e um teste vocal b\u00e1sico, conduzidos pelo regente ou respons\u00e1vel art\u00edstico pelo coral. O processo \u00e9 descontra\u00eddo e visa mais conhecer a afina\u00e7\u00e3o e o interesse do candidato do que exigir performance profissional.<\/p>\n\n\n\n<p>A cria\u00e7\u00e3o deste coral representa um investimento da prefeitura em uma atividade cultural de base, que promove integra\u00e7\u00e3o social, desenvolvimento pessoal e a valoriza\u00e7\u00e3o da m\u00fasica como express\u00e3o coletiva. Para a comunidade, \u00e9 uma chance de aprender t\u00e9cnica vocal, fazer parte de um grupo e se apresentar em eventos municipais. Para a cidade, \u00e9 a revitaliza\u00e7\u00e3o de um equipamento cultural e a oferta de mais uma op\u00e7\u00e3o de lazer e forma\u00e7\u00e3o art\u00edstica gratuita. A iniciativa segue a tend\u00eancia de v\u00e1rias cidades da regi\u00e3o que utilizam os corais como ferramenta de inclus\u00e3o e fortalecimento da identidade local.<\/p>\n\n\n\n<p>Os organizadores refor\u00e7am que o projeto \u00e9 de longo prazo e busca construir um grupo est\u00e1vel e comprometido. D\u00favidas adicionais sobre o processo seletivo podem ser esclarecidas diretamente pelo telefone (15) 99856-1657. A expectativa \u00e9 que, com a ades\u00e3o da comunidade, o Coral de Vozes da Casa da Cultura de Ara\u00e7oiaba da Serra se torne rapidamente uma refer\u00eancia art\u00edstica no munic\u00edpio, com apresenta\u00e7\u00f5es programadas para datas c\u00edvicas, festivais e eventos culturais ao longo de todo o ano.<\/p>\n\n\n\n<p><em>Edi\u00e7\u00e3o: Aur\u00e9lio Fid\u00eancio<br>Fonte: Secretaria de Cultura e Turismo de Ara\u00e7oiaba da Serra<br>Clickara\u00e7oiaba. A voz confi\u00e1vel da cidade desde 1999.<\/em><\/p>\n\n\n\n<figure class=\"wp-block-image size-full\"><a href=\"https:\/\/www.clickaracoiaba.com.br\/?p=11948\" target=\"_blank\" rel=\" noreferrer noopener\"><img loading=\"lazy\" decoding=\"async\" width=\"1200\" height=\"348\" src=\"https:\/\/www.clickaracoiaba.com.br\/wp-content\/uploads\/2026\/03\/confeitaria-da-ana-placa-materia-1200x348-1.jpg\" alt=\"\" class=\"wp-image-11950\" srcset=\"https:\/\/www.clickaracoiaba.com.br\/wp-content\/uploads\/2026\/03\/confeitaria-da-ana-placa-materia-1200x348-1.jpg 1200w, https:\/\/www.clickaracoiaba.com.br\/wp-content\/uploads\/2026\/03\/confeitaria-da-ana-placa-materia-1200x348-1-400x116.jpg 400w, https:\/\/www.clickaracoiaba.com.br\/wp-content\/uploads\/2026\/03\/confeitaria-da-ana-placa-materia-1200x348-1-960x278.jpg 960w, https:\/\/www.clickaracoiaba.com.br\/wp-content\/uploads\/2026\/03\/confeitaria-da-ana-placa-materia-1200x348-1-768x223.jpg 768w\" sizes=\"auto, (max-width: 1200px) 100vw, 1200px\" \/><\/a><\/figure>\n","protected":false},"excerpt":{"rendered":"<p>Audi\u00e7\u00f5es para vozes masculinas e femininas acontecem em dias separados, in\u00edcio de fevereiro; n\u00e3o \u00e9 necess\u00e1ria experi\u00eancia pr\u00e9via, apenas vontade de aprender. A Secretaria de Cultura e Turismo de Ara\u00e7oiaba da Serra est\u00e1 formando um novo Coral de Vozes na Casa da Cultura e convida a popula\u00e7\u00e3o para participar do processo seletivo. As audi\u00e7\u00f5es e&#8230;<\/p>\n","protected":false},"author":1,"featured_media":11658,"comment_status":"open","ping_status":"open","sticky":false,"template":"","format":"standard","meta":{"magazine_newspaper_sidebar_layout":"","footnotes":""},"categories":[6],"tags":[4396,4397,4395,4398,4394],"class_list":["post-11657","post","type-post","status-publish","format-standard","has-post-thumbnail","hentry","category-lazer","tag-atividade-cultural-aracoiaba","tag-audicao-coral-gratuito-aracoiaba","tag-coral-de-vozes-aracoiaba-da-serra","tag-inscricao-coral-comunidade-aracoiaba-da-serra","tag-selecao-coral-casa-da-cultura"],"_links":{"self":[{"href":"https:\/\/www.clickaracoiaba.com.br\/index.php?rest_route=\/wp\/v2\/posts\/11657","targetHints":{"allow":["GET"]}}],"collection":[{"href":"https:\/\/www.clickaracoiaba.com.br\/index.php?rest_route=\/wp\/v2\/posts"}],"about":[{"href":"https:\/\/www.clickaracoiaba.com.br\/index.php?rest_route=\/wp\/v2\/types\/post"}],"author":[{"embeddable":true,"href":"https:\/\/www.clickaracoiaba.com.br\/index.php?rest_route=\/wp\/v2\/users\/1"}],"replies":[{"embeddable":true,"href":"https:\/\/www.clickaracoiaba.com.br\/index.php?rest_route=%2Fwp%2Fv2%2Fcomments&post=11657"}],"version-history":[{"count":0,"href":"https:\/\/www.clickaracoiaba.com.br\/index.php?rest_route=\/wp\/v2\/posts\/11657\/revisions"}],"wp:featuredmedia":[{"embeddable":true,"href":"https:\/\/www.clickaracoiaba.com.br\/index.php?rest_route=\/wp\/v2\/media\/11658"}],"wp:attachment":[{"href":"https:\/\/www.clickaracoiaba.com.br\/index.php?rest_route=%2Fwp%2Fv2%2Fmedia&parent=11657"}],"wp:term":[{"taxonomy":"category","embeddable":true,"href":"https:\/\/www.clickaracoiaba.com.br\/index.php?rest_route=%2Fwp%2Fv2%2Fcategories&post=11657"},{"taxonomy":"post_tag","embeddable":true,"href":"https:\/\/www.clickaracoiaba.com.br\/index.php?rest_route=%2Fwp%2Fv2%2Ftags&post=11657"}],"curies":[{"name":"wp","href":"https:\/\/api.w.org\/{rel}","templated":true}]}}