{"id":11047,"date":"2025-12-09T01:09:57","date_gmt":"2025-12-09T04:09:57","guid":{"rendered":"https:\/\/www.clickaracoiaba.com.br\/?p=11047"},"modified":"2025-12-09T01:19:25","modified_gmt":"2025-12-09T04:19:25","slug":"rascunho-automatico","status":"publish","type":"post","link":"https:\/\/www.clickaracoiaba.com.br\/?p=11047","title":{"rendered":"Sa\u00fade Mental no Brasil: Uma em cada quatro pessoas no pa\u00eds admite ter pensado em tirar a pr\u00f3pria vida, aponta levantamento nacional"},"content":{"rendered":"\n<h4 class=\"wp-block-heading\">Pesquisa revela tend\u00eancia preocupante e refor\u00e7a alerta sobre sa\u00fade mental no Brasil<\/h4>\n\n\n\n<p>Sa\u00fade mental no Brasil vem se tornando uma grande preocupa\u00e7\u00e3o. Um levantamento realizado pela Associa\u00e7\u00e3o Brasileira de Psiquiatria indicou que uma em cada quatro pessoas adultas no pa\u00eds relatou ter pensado em tirar a pr\u00f3pria vida nos seis meses anteriores \u00e0 pesquisa. O estudo, feito de forma online e envolvendo participantes das 27 unidades da Federa\u00e7\u00e3o, tamb\u00e9m aponta que mais da metade manifestou desejo de se isolar completamente ou desaparecer.<\/p>\n\n\n\n<p>Os dados mostram ainda que 25,2% dos entrevistados afirmaram n\u00e3o se sentir bem no momento da consulta, enquanto 30,9% declararam estar tristes ou decepcionados, ainda que mantendo alguma esperan\u00e7a de melhora. O objetivo do levantamento \u00e9 ampliar a compreens\u00e3o sobre o cen\u00e1rio da sa\u00fade mental e fortalecer a\u00e7\u00f5es de preven\u00e7\u00e3o no contexto do Setembro Amarelo.<\/p>\n\n\n\n<p>Outro ponto analisado foi a disposi\u00e7\u00e3o das pessoas em buscar ajuda. Do total, 54,1% disseram saber onde procurar atendimento especializado e 50,9% relataram j\u00e1 ter sido acompanhados por psiquiatras ou psic\u00f3logos em algum momento da vida, indicando avan\u00e7o na conscientiza\u00e7\u00e3o e redu\u00e7\u00e3o do estigma relacionado ao tema.<\/p>\n\n\n\n<p>A pesquisa tamb\u00e9m identificou que 31,6% procurariam atendimento no Sistema \u00danico de Sa\u00fade caso necessitassem de suporte, enquanto 50,9% buscariam atendimento particular e 33,8% recorreriam a servi\u00e7os vinculados a planos de sa\u00fade. As informa\u00e7\u00f5es refor\u00e7am a import\u00e2ncia de ampliar o acesso aos cuidados de sa\u00fade mental e orientar a popula\u00e7\u00e3o sobre caminhos poss\u00edveis para obter apoio.<\/p>\n\n\n\n<p>Especialistas lembram que qualquer pessoa com pensamentos relacionados a autoles\u00e3o ou inten\u00e7\u00e3o de provocar o pr\u00f3prio \u00f3bito deve buscar imediatamente ajuda, seja com familiares, amigos, profissionais de sa\u00fade ou servi\u00e7os especializados. O Centro de Valoriza\u00e7\u00e3o da Vida oferece apoio emocional gratuito e sigiloso por telefone no n\u00famero 188, al\u00e9m de atendimento por chat, e-mail e voip durante 24 horas.<\/p>\n\n\n\n<figure class=\"wp-block-image size-full is-resized\"><img loading=\"lazy\" decoding=\"async\" width=\"690\" height=\"200\" src=\"https:\/\/www.clickaracoiaba.com.br\/wp-content\/uploads\/2025\/11\/confeitaria-da-ana-placa-690.jpg\" alt=\"\" class=\"wp-image-10934\" style=\"width:840px;height:auto\" srcset=\"https:\/\/www.clickaracoiaba.com.br\/wp-content\/uploads\/2025\/11\/confeitaria-da-ana-placa-690.jpg 690w, https:\/\/www.clickaracoiaba.com.br\/wp-content\/uploads\/2025\/11\/confeitaria-da-ana-placa-690-300x87.jpg 300w\" sizes=\"auto, (max-width: 690px) 100vw, 690px\" \/><\/figure>\n","protected":false},"excerpt":{"rendered":"<p>Pesquisa revela tend\u00eancia preocupante e refor\u00e7a alerta sobre sa\u00fade mental no Brasil Sa\u00fade mental no Brasil vem se tornando uma grande preocupa\u00e7\u00e3o. Um levantamento realizado pela Associa\u00e7\u00e3o Brasileira de Psiquiatria indicou que uma em cada quatro pessoas adultas no pa\u00eds relatou ter pensado em tirar a pr\u00f3pria vida nos seis meses anteriores \u00e0 pesquisa. O&#8230;<\/p>\n","protected":false},"author":1,"featured_media":11049,"comment_status":"open","ping_status":"open","sticky":false,"template":"","format":"standard","meta":{"magazine_newspaper_sidebar_layout":"","footnotes":""},"categories":[5,2],"tags":[4060,4064,4063,4062,4061,1790,4059],"class_list":["post-11047","post","type-post","status-publish","format-standard","has-post-thumbnail","hentry","category-saude","category-brasil","tag-brazil-public-health-issues","tag-health-in-latam","tag-principais-doencas-na-america-latina","tag-principais-doencas-na-regiao-de-sorocaba","tag-principais-doencas-no-estado-de-saopaulo","tag-saude-em-aracoiaba-da-serra","tag-taxas-de-suicidio-no-brasil"],"_links":{"self":[{"href":"https:\/\/www.clickaracoiaba.com.br\/index.php?rest_route=\/wp\/v2\/posts\/11047","targetHints":{"allow":["GET"]}}],"collection":[{"href":"https:\/\/www.clickaracoiaba.com.br\/index.php?rest_route=\/wp\/v2\/posts"}],"about":[{"href":"https:\/\/www.clickaracoiaba.com.br\/index.php?rest_route=\/wp\/v2\/types\/post"}],"author":[{"embeddable":true,"href":"https:\/\/www.clickaracoiaba.com.br\/index.php?rest_route=\/wp\/v2\/users\/1"}],"replies":[{"embeddable":true,"href":"https:\/\/www.clickaracoiaba.com.br\/index.php?rest_route=%2Fwp%2Fv2%2Fcomments&post=11047"}],"version-history":[{"count":0,"href":"https:\/\/www.clickaracoiaba.com.br\/index.php?rest_route=\/wp\/v2\/posts\/11047\/revisions"}],"wp:featuredmedia":[{"embeddable":true,"href":"https:\/\/www.clickaracoiaba.com.br\/index.php?rest_route=\/wp\/v2\/media\/11049"}],"wp:attachment":[{"href":"https:\/\/www.clickaracoiaba.com.br\/index.php?rest_route=%2Fwp%2Fv2%2Fmedia&parent=11047"}],"wp:term":[{"taxonomy":"category","embeddable":true,"href":"https:\/\/www.clickaracoiaba.com.br\/index.php?rest_route=%2Fwp%2Fv2%2Fcategories&post=11047"},{"taxonomy":"post_tag","embeddable":true,"href":"https:\/\/www.clickaracoiaba.com.br\/index.php?rest_route=%2Fwp%2Fv2%2Ftags&post=11047"}],"curies":[{"name":"wp","href":"https:\/\/api.w.org\/{rel}","templated":true}]}}